{"id":71243,"date":"2023-11-22T13:13:00","date_gmt":"2023-11-22T19:13:00","guid":{"rendered":"https:\/\/interaccionnoticias.com.mx\/?p=71243"},"modified":"2023-11-22T23:15:31","modified_gmt":"2023-11-23T05:15:31","slug":"denuncia-gobernadora-de-guerrero-cuenta-falsa-de-whatsapp-con-su-nombre","status":"publish","type":"post","link":"https:\/\/www.interaccionnoticias.com.mx\/?p=71243","title":{"rendered":"Denuncia gobernadora de Guerrero cuenta falsa de WhatsApp con su nombre"},"content":{"rendered":"\n<p><em><strong>&#8212; Pide a la poblaci\u00f3n no dejarse sorprender<\/strong><\/em><\/p>\n\n\n\n<p><strong>Jes\u00fas Dorantes<\/strong><\/p>\n\n\n\n<p><strong>Chilpancingo, Gro.- <\/strong>La gobernadora Evelyn Salgado Pineda denunci\u00f3 la existencia de una cuenta falsa de WhatsApp qu\u00e9 utiliza su nombre y fotograf\u00eda, por lo que solicit\u00f3 a la ciudadan\u00eda hacer caso omiso si reciben alg\u00fan mensaje de dicho n\u00famero.<\/p>\n\n\n\n<p>En su cuenta personal, la mandataria guerrerense public\u00f3 dos capturas de pantalla en los que se puede apreciar dos chats de la aplicaci\u00f3n de mensajer\u00eda, ambas cuentan con la misma fotograf\u00eda de perfil y llevan el nombre de la mandataria.<\/p>\n\n\n\n<p>\u201cPaisanas y paisanos, hemos detectado una cuenta ap\u00f3crifa de WhatsApp que circula en redes sociales en la que utilizan mi nombre, la cual es completamente falsa, por lo que les pido hacer caso omiso, as\u00ed como reportarla\u201d, destac\u00f3 en sus redes sociales.<\/p>\n\n\n\n<p>Explic\u00f3 que la informaci\u00f3n oficial se da por medio de sus cuentas oficiales, mismas que se encuentran verificadas y solicit\u00f3 a la ciudadan\u00eda no caer en la difusi\u00f3n de informaci\u00f3n que resulta ap\u00f3crifa.<\/p>\n\n\n\n<p>En ambas capturas se puede leer el saludo de quien usurpa la identidad de la jefa del Poder Ejecutivo local, adem\u00e1s en los textos le dice a las personas que se trata de su cuenta personal.<\/p>\n\n\n\n<p>Durante la administraci\u00f3n actual, se han dado a conocer situaciones que van desde la creaci\u00f3n de un perfil falso en Facebook, Adem\u00e1s del hackeo del celular que regularmente utiliza la gobernadora.<\/p>\n","protected":false},"excerpt":{"rendered":"<p>&#8212; Pide a la poblaci\u00f3n no dejarse sorprender Jes\u00fas Dorantes Chilpancingo, Gro.- La gobernadora Evelyn Salgado Pineda denunci\u00f3 la existencia de una cuenta falsa de WhatsApp qu\u00e9 utiliza su nombre&hellip; <\/p>\n","protected":false},"author":8,"featured_media":71244,"comment_status":"open","ping_status":"open","sticky":false,"template":"","format":"standard","meta":{"fifu_image_url":"","fifu_image_alt":"","footnotes":""},"categories":[11],"tags":[],"class_list":["post-71243","post","type-post","status-publish","format-standard","has-post-thumbnail","hentry","category-guerrero"],"_links":{"self":[{"href":"https:\/\/www.interaccionnoticias.com.mx\/index.php?rest_route=\/wp\/v2\/posts\/71243","targetHints":{"allow":["GET"]}}],"collection":[{"href":"https:\/\/www.interaccionnoticias.com.mx\/index.php?rest_route=\/wp\/v2\/posts"}],"about":[{"href":"https:\/\/www.interaccionnoticias.com.mx\/index.php?rest_route=\/wp\/v2\/types\/post"}],"author":[{"embeddable":true,"href":"https:\/\/www.interaccionnoticias.com.mx\/index.php?rest_route=\/wp\/v2\/users\/8"}],"replies":[{"embeddable":true,"href":"https:\/\/www.interaccionnoticias.com.mx\/index.php?rest_route=%2Fwp%2Fv2%2Fcomments&post=71243"}],"version-history":[{"count":1,"href":"https:\/\/www.interaccionnoticias.com.mx\/index.php?rest_route=\/wp\/v2\/posts\/71243\/revisions"}],"predecessor-version":[{"id":71245,"href":"https:\/\/www.interaccionnoticias.com.mx\/index.php?rest_route=\/wp\/v2\/posts\/71243\/revisions\/71245"}],"wp:featuredmedia":[{"embeddable":true,"href":"https:\/\/www.interaccionnoticias.com.mx\/index.php?rest_route=\/wp\/v2\/media\/71244"}],"wp:attachment":[{"href":"https:\/\/www.interaccionnoticias.com.mx\/index.php?rest_route=%2Fwp%2Fv2%2Fmedia&parent=71243"}],"wp:term":[{"taxonomy":"category","embeddable":true,"href":"https:\/\/www.interaccionnoticias.com.mx\/index.php?rest_route=%2Fwp%2Fv2%2Fcategories&post=71243"},{"taxonomy":"post_tag","embeddable":true,"href":"https:\/\/www.interaccionnoticias.com.mx\/index.php?rest_route=%2Fwp%2Fv2%2Ftags&post=71243"}],"curies":[{"name":"wp","href":"https:\/\/api.w.org\/{rel}","templated":true}]}}