{"id":71235,"date":"2023-11-22T12:13:00","date_gmt":"2023-11-22T18:13:00","guid":{"rendered":"https:\/\/interaccionnoticias.com.mx\/?p=71235"},"modified":"2023-11-22T22:57:05","modified_gmt":"2023-11-23T04:57:05","slug":"desmienten-pri-prd-y-pan-supuesta-lista-de-candidatos-al-senado-y-diputaciones-federales-de-guerrero","status":"publish","type":"post","link":"https:\/\/www.interaccionnoticias.com.mx\/?p=71235","title":{"rendered":"Desmienten PRI, PRD y PAN supuesta lista de candidatos al Senado y diputaciones federales de Guerrero"},"content":{"rendered":"\n<p><strong><em>&#8212; Las postulaciones, se dar\u00e1n a conocer por las v\u00edas oficiales, se\u00f1alan los dirigentes de la coalici\u00f3n \u201cFuerza y Coraz\u00f3n por M\u00e9xico\u201d<\/em><\/strong><\/p>\n\n\n\n<p><strong>Rogelio Agust\u00edn<\/strong><\/p>\n\n\n\n<p>Los dirigentes estatales del PRI, PRD y PAN desmintieron una lista de supuestos candidatos al Senado de la Rep\u00fablica y las 8 diputaciones federales de mayor\u00eda relativa que corresponden a Guerrero.<\/p>\n\n\n\n<p>La jornada del mi\u00e9rcoles, en redes sociales circul\u00f3 una supuesta relaci\u00f3n de candidatos que ser\u00edan registrados por la coalici\u00f3n \u201cFuerza y Coraz\u00f3n por M\u00e9xico\u201d, integrada por los tres institutos pol\u00edticos antes mencionados.<\/p>\n\n\n\n<p>Los nombres que se manejaban, encuadraban con la distribuci\u00f3n pactadas entre las dirigencias de los partidos involucrados; la primera formula de senadores estaba ocupada por un priista y en la segunda se colocaba el nombre de una mujer militante del PRD.<\/p>\n\n\n\n<p>En cuanto a los distritos electorales que corresponden a Guerrero, se mencionaba la postulaci\u00f3n de cuatro militantes del PRD, tres del PRI y uno del PAN.<\/p>\n\n\n\n<p>Antes del mediod\u00eda del mismo mi\u00e9rcoles 22 de noviembre, los dirigentes de los tres partidos; Eloy Salmer\u00f3n D\u00edaz, del PAN, Alejandro Bravo Abarca, del PRI y Alberto Catal\u00e1n Bastida del PRD emitieron un comunicado firmado en Chilpancingo.<\/p>\n\n\n\n<p>\u201cEn diversos medios de comunicaci\u00f3n y redes sociales se ha compartido una imagen que enlista a supuestos candidatos y candidatas a la formula del Senado y diputaciones federales de la coalici\u00f3n \u201cFuerza y Coraz\u00f3n por M\u00e9xico\u201d en Guerrero, quienes representamos a los partidos que conforman a dicha coalici\u00f3n en el estado, negamos categ\u00f3ricamente la veracidad de dicha informaci\u00f3n, desconocemos su procedencia y las razones que motivan la distribuci\u00f3n de la misma\u201d.<\/p>\n\n\n\n<p>El documento cierra: \u201cLas y los candidatos que representan a la coalici\u00f3n en Guerrero ser\u00e1n anunciados por los canales institucionales y de manera oficial por las dirigencias, haciendo una amplia difusi\u00f3n de las mismas\u201d.<\/p>\n\n\n\n<div class=\"wp-block-jetpack-slideshow aligncenter\" data-effect=\"slide\"><div class=\"wp-block-jetpack-slideshow_container swiper-container\"><ul class=\"wp-block-jetpack-slideshow_swiper-wrapper swiper-wrapper\"><li class=\"wp-block-jetpack-slideshow_slide swiper-slide\"><figure><img decoding=\"async\" src=\"data:image\/gif;base64,R0lGODlhAQABAIAAAAAAAP\/\/\/ywAAAAAAQABAAACAUwAOw==\" fifu-lazy=\"1\" fifu-data-sizes=\"auto\" fifu-data-srcset=\"https:\/\/i1.wp.com\/interaccionnoticias.com.mx\/wp-content\/uploads\/2023\/11\/231122-Desmienten-844x1024.jpg?ssl=1&w=75&resize=75&ssl=1 75w, https:\/\/i1.wp.com\/interaccionnoticias.com.mx\/wp-content\/uploads\/2023\/11\/231122-Desmienten-844x1024.jpg?ssl=1&w=100&resize=100&ssl=1 100w, https:\/\/i1.wp.com\/interaccionnoticias.com.mx\/wp-content\/uploads\/2023\/11\/231122-Desmienten-844x1024.jpg?ssl=1&w=150&resize=150&ssl=1 150w, https:\/\/i1.wp.com\/interaccionnoticias.com.mx\/wp-content\/uploads\/2023\/11\/231122-Desmienten-844x1024.jpg?ssl=1&w=240&resize=240&ssl=1 240w, https:\/\/i1.wp.com\/interaccionnoticias.com.mx\/wp-content\/uploads\/2023\/11\/231122-Desmienten-844x1024.jpg?ssl=1&w=320&resize=320&ssl=1 320w, https:\/\/i1.wp.com\/interaccionnoticias.com.mx\/wp-content\/uploads\/2023\/11\/231122-Desmienten-844x1024.jpg?ssl=1&w=500&resize=500&ssl=1 500w, https:\/\/i1.wp.com\/interaccionnoticias.com.mx\/wp-content\/uploads\/2023\/11\/231122-Desmienten-844x1024.jpg?ssl=1&w=640&resize=640&ssl=1 640w, https:\/\/i1.wp.com\/interaccionnoticias.com.mx\/wp-content\/uploads\/2023\/11\/231122-Desmienten-844x1024.jpg?ssl=1&w=800&resize=800&ssl=1 800w, https:\/\/i1.wp.com\/interaccionnoticias.com.mx\/wp-content\/uploads\/2023\/11\/231122-Desmienten-844x1024.jpg?ssl=1&w=1024&resize=1024&ssl=1 1024w, https:\/\/i1.wp.com\/interaccionnoticias.com.mx\/wp-content\/uploads\/2023\/11\/231122-Desmienten-844x1024.jpg?ssl=1&w=1280&resize=1280&ssl=1 1280w, https:\/\/i1.wp.com\/interaccionnoticias.com.mx\/wp-content\/uploads\/2023\/11\/231122-Desmienten-844x1024.jpg?ssl=1&w=1600&resize=1600&ssl=1 1600w\" alt=\"\" class=\"wp-block-jetpack-slideshow_image wp-image-71237\" data-id=\"71237\" fifu-data-src=\"https:\/\/i1.wp.com\/interaccionnoticias.com.mx\/wp-content\/uploads\/2023\/11\/231122-Desmienten-844x1024.jpg?ssl=1\"\/><\/figure><\/li><\/ul><a class=\"wp-block-jetpack-slideshow_button-prev swiper-button-prev swiper-button-white\" role=\"button\"><\/a><a class=\"wp-block-jetpack-slideshow_button-next swiper-button-next swiper-button-white\" role=\"button\"><\/a><a aria-label=\"Pause Slideshow\" class=\"wp-block-jetpack-slideshow_button-pause\" role=\"button\"><\/a><div class=\"wp-block-jetpack-slideshow_pagination swiper-pagination swiper-pagination-white\"><\/div><\/div><\/div>\n","protected":false},"excerpt":{"rendered":"<p>&#8212; Las postulaciones, se dar\u00e1n a conocer por las v\u00edas oficiales, se\u00f1alan los dirigentes de la coalici\u00f3n \u201cFuerza y Coraz\u00f3n por M\u00e9xico\u201d Rogelio Agust\u00edn Los dirigentes estatales del PRI, PRD&hellip; <\/p>\n","protected":false},"author":21,"featured_media":71238,"comment_status":"open","ping_status":"open","sticky":false,"template":"","format":"standard","meta":{"fifu_image_url":"","fifu_image_alt":"","footnotes":""},"categories":[21],"tags":[],"class_list":["post-71235","post","type-post","status-publish","format-standard","has-post-thumbnail","hentry","category-politica"],"_links":{"self":[{"href":"https:\/\/www.interaccionnoticias.com.mx\/index.php?rest_route=\/wp\/v2\/posts\/71235","targetHints":{"allow":["GET"]}}],"collection":[{"href":"https:\/\/www.interaccionnoticias.com.mx\/index.php?rest_route=\/wp\/v2\/posts"}],"about":[{"href":"https:\/\/www.interaccionnoticias.com.mx\/index.php?rest_route=\/wp\/v2\/types\/post"}],"author":[{"embeddable":true,"href":"https:\/\/www.interaccionnoticias.com.mx\/index.php?rest_route=\/wp\/v2\/users\/21"}],"replies":[{"embeddable":true,"href":"https:\/\/www.interaccionnoticias.com.mx\/index.php?rest_route=%2Fwp%2Fv2%2Fcomments&post=71235"}],"version-history":[{"count":1,"href":"https:\/\/www.interaccionnoticias.com.mx\/index.php?rest_route=\/wp\/v2\/posts\/71235\/revisions"}],"predecessor-version":[{"id":71239,"href":"https:\/\/www.interaccionnoticias.com.mx\/index.php?rest_route=\/wp\/v2\/posts\/71235\/revisions\/71239"}],"wp:featuredmedia":[{"embeddable":true,"href":"https:\/\/www.interaccionnoticias.com.mx\/index.php?rest_route=\/wp\/v2\/media\/71238"}],"wp:attachment":[{"href":"https:\/\/www.interaccionnoticias.com.mx\/index.php?rest_route=%2Fwp%2Fv2%2Fmedia&parent=71235"}],"wp:term":[{"taxonomy":"category","embeddable":true,"href":"https:\/\/www.interaccionnoticias.com.mx\/index.php?rest_route=%2Fwp%2Fv2%2Fcategories&post=71235"},{"taxonomy":"post_tag","embeddable":true,"href":"https:\/\/www.interaccionnoticias.com.mx\/index.php?rest_route=%2Fwp%2Fv2%2Ftags&post=71235"}],"curies":[{"name":"wp","href":"https:\/\/api.w.org\/{rel}","templated":true}]}}