{"id":71220,"date":"2023-11-22T09:46:00","date_gmt":"2023-11-22T15:46:00","guid":{"rendered":"https:\/\/interaccionnoticias.com.mx\/?p=71220"},"modified":"2023-11-22T15:03:19","modified_gmt":"2023-11-22T21:03:19","slug":"musicos-piden-a-la-poblacion-contratarlos-para-llevar-el-sustento-a-sus-familias","status":"publish","type":"post","link":"https:\/\/www.interaccionnoticias.com.mx\/?p=71220","title":{"rendered":"M\u00fasicos piden a la poblaci\u00f3n contratarlos para llevar el sustento a sus familias"},"content":{"rendered":"\n<p><strong><em>&#8212; Sabor Norte\u00f1o esta conformado por los hermanos Antonio Ram\u00f3n Castro y Francisco Ram\u00f3n Castro, originarios de la comunidad de Huiteco<\/em><\/strong><\/p>\n\n\n\n<p><strong>Yasm\u00edn Garc\u00eda<\/strong><\/p>\n\n\n\n<p>Los hermanos Antonio Ram\u00f3n Castro y Francisco Ram\u00f3n Castro, originarios de Huiteco, comunidad de Chilpancingo, integran el dueto Sabor Norte\u00f1o.<\/p>\n\n\n\n<p>Son m\u00fasicos emp\u00edricos, aprendieron a tocar la guitarra y el acorde\u00f3n escuchando m\u00fasica y observando a sus compa\u00f1eros, aprendizaje que no ha sido f\u00e1cil.<\/p>\n\n\n\n<p>Los hermanos llevan 30 a\u00f1os en el mundo de la m\u00fasica, todos los d\u00edas salen de su domicilio a las 2:30 de la tarde para recorrer pozoler\u00edas, bares, marisquer\u00edas y cantinas. Para tocar alguna melod\u00eda que el cliente les solicit\u00e9.<\/p>\n\n\n\n<p>En su repertorio est\u00e1n m\u00e1s de 500 canciones de diferentes g\u00e9neros; ranchero, boleros, cumbias y corridos. Admiran a los invasores, los cadetes, tigres del norte y Jos\u00e9 Alfredo.<\/p>\n\n\n\n<p>\u201cNo cantamos corridos tumbados, eso no es m\u00fasica, s\u00ed tocamos corridos, pero de los de antes, ahora hacen apolog\u00eda a la delincuencia por eso no los cantamos\u201d, recalc\u00f3 el d\u00fao.<\/p>\n\n\n\n<p>Adem\u00e1s de ser m\u00fasicos, son alba\u00f1iles, por la ma\u00f1ana trabajan en obras de construcci\u00f3n y por la tarde recorren la capital con su guitarra y su acorde\u00f3n para ser contratados y tocar alguna canci\u00f3n a cambio de unas monedas.<\/p>\n\n\n\n<p>Sabor Norte\u00f1o pidi\u00f3 a la poblaci\u00f3n contratarlos para cantar y tocar en bodas, 15 a\u00f1os, cumplea\u00f1os o alguna reuni\u00f3n que as\u00ed lo requiera, no pidieron nada al gobierno, solo pidieron tener trabajo para llevar el sustento a sus familias.<\/p>\n\n\n\n<p>En el d\u00eda del m\u00fasico aseguraron que seguir\u00e1n cantando en las calles y negocios de Chilpancingo.<\/p>\n\n\n\n<div class=\"wp-block-jetpack-slideshow aligncenter\" data-effect=\"slide\"><div class=\"wp-block-jetpack-slideshow_container swiper-container\"><ul class=\"wp-block-jetpack-slideshow_swiper-wrapper swiper-wrapper\"><li class=\"wp-block-jetpack-slideshow_slide swiper-slide\"><figure><img decoding=\"async\" src=\"data:image\/gif;base64,R0lGODlhAQABAIAAAAAAAP\/\/\/ywAAAAAAQABAAACAUwAOw==\" fifu-lazy=\"1\" fifu-data-sizes=\"auto\" fifu-data-srcset=\"https:\/\/i1.wp.com\/interaccionnoticias.com.mx\/wp-content\/uploads\/2023\/11\/231122-Dia-del-musico-1-1024x683.jpg?ssl=1&w=75&resize=75&ssl=1 75w, https:\/\/i1.wp.com\/interaccionnoticias.com.mx\/wp-content\/uploads\/2023\/11\/231122-Dia-del-musico-1-1024x683.jpg?ssl=1&w=100&resize=100&ssl=1 100w, https:\/\/i1.wp.com\/interaccionnoticias.com.mx\/wp-content\/uploads\/2023\/11\/231122-Dia-del-musico-1-1024x683.jpg?ssl=1&w=150&resize=150&ssl=1 150w, https:\/\/i1.wp.com\/interaccionnoticias.com.mx\/wp-content\/uploads\/2023\/11\/231122-Dia-del-musico-1-1024x683.jpg?ssl=1&w=240&resize=240&ssl=1 240w, https:\/\/i1.wp.com\/interaccionnoticias.com.mx\/wp-content\/uploads\/2023\/11\/231122-Dia-del-musico-1-1024x683.jpg?ssl=1&w=320&resize=320&ssl=1 320w, https:\/\/i1.wp.com\/interaccionnoticias.com.mx\/wp-content\/uploads\/2023\/11\/231122-Dia-del-musico-1-1024x683.jpg?ssl=1&w=500&resize=500&ssl=1 500w, https:\/\/i1.wp.com\/interaccionnoticias.com.mx\/wp-content\/uploads\/2023\/11\/231122-Dia-del-musico-1-1024x683.jpg?ssl=1&w=640&resize=640&ssl=1 640w, https:\/\/i1.wp.com\/interaccionnoticias.com.mx\/wp-content\/uploads\/2023\/11\/231122-Dia-del-musico-1-1024x683.jpg?ssl=1&w=800&resize=800&ssl=1 800w, https:\/\/i1.wp.com\/interaccionnoticias.com.mx\/wp-content\/uploads\/2023\/11\/231122-Dia-del-musico-1-1024x683.jpg?ssl=1&w=1024&resize=1024&ssl=1 1024w, https:\/\/i1.wp.com\/interaccionnoticias.com.mx\/wp-content\/uploads\/2023\/11\/231122-Dia-del-musico-1-1024x683.jpg?ssl=1&w=1280&resize=1280&ssl=1 1280w, https:\/\/i1.wp.com\/interaccionnoticias.com.mx\/wp-content\/uploads\/2023\/11\/231122-Dia-del-musico-1-1024x683.jpg?ssl=1&w=1600&resize=1600&ssl=1 1600w\" alt=\"\" class=\"wp-block-jetpack-slideshow_image wp-image-71221\" data-id=\"71221\" fifu-data-src=\"https:\/\/i1.wp.com\/interaccionnoticias.com.mx\/wp-content\/uploads\/2023\/11\/231122-Dia-del-musico-1-1024x683.jpg?ssl=1\"\/><\/figure><\/li><li class=\"wp-block-jetpack-slideshow_slide swiper-slide\"><figure><img decoding=\"async\" src=\"data:image\/gif;base64,R0lGODlhAQABAIAAAAAAAP\/\/\/ywAAAAAAQABAAACAUwAOw==\" fifu-lazy=\"1\" fifu-data-sizes=\"auto\" fifu-data-srcset=\"https:\/\/i2.wp.com\/interaccionnoticias.com.mx\/wp-content\/uploads\/2023\/11\/231122-Dia-del-musico-2-1024x683.jpg?ssl=1&w=75&resize=75&ssl=1 75w, https:\/\/i2.wp.com\/interaccionnoticias.com.mx\/wp-content\/uploads\/2023\/11\/231122-Dia-del-musico-2-1024x683.jpg?ssl=1&w=100&resize=100&ssl=1 100w, https:\/\/i2.wp.com\/interaccionnoticias.com.mx\/wp-content\/uploads\/2023\/11\/231122-Dia-del-musico-2-1024x683.jpg?ssl=1&w=150&resize=150&ssl=1 150w, https:\/\/i2.wp.com\/interaccionnoticias.com.mx\/wp-content\/uploads\/2023\/11\/231122-Dia-del-musico-2-1024x683.jpg?ssl=1&w=240&resize=240&ssl=1 240w, https:\/\/i2.wp.com\/interaccionnoticias.com.mx\/wp-content\/uploads\/2023\/11\/231122-Dia-del-musico-2-1024x683.jpg?ssl=1&w=320&resize=320&ssl=1 320w, https:\/\/i2.wp.com\/interaccionnoticias.com.mx\/wp-content\/uploads\/2023\/11\/231122-Dia-del-musico-2-1024x683.jpg?ssl=1&w=500&resize=500&ssl=1 500w, https:\/\/i2.wp.com\/interaccionnoticias.com.mx\/wp-content\/uploads\/2023\/11\/231122-Dia-del-musico-2-1024x683.jpg?ssl=1&w=640&resize=640&ssl=1 640w, https:\/\/i2.wp.com\/interaccionnoticias.com.mx\/wp-content\/uploads\/2023\/11\/231122-Dia-del-musico-2-1024x683.jpg?ssl=1&w=800&resize=800&ssl=1 800w, https:\/\/i2.wp.com\/interaccionnoticias.com.mx\/wp-content\/uploads\/2023\/11\/231122-Dia-del-musico-2-1024x683.jpg?ssl=1&w=1024&resize=1024&ssl=1 1024w, https:\/\/i2.wp.com\/interaccionnoticias.com.mx\/wp-content\/uploads\/2023\/11\/231122-Dia-del-musico-2-1024x683.jpg?ssl=1&w=1280&resize=1280&ssl=1 1280w, https:\/\/i2.wp.com\/interaccionnoticias.com.mx\/wp-content\/uploads\/2023\/11\/231122-Dia-del-musico-2-1024x683.jpg?ssl=1&w=1600&resize=1600&ssl=1 1600w\" alt=\"\" class=\"wp-block-jetpack-slideshow_image wp-image-71222\" data-id=\"71222\" fifu-data-src=\"https:\/\/i2.wp.com\/interaccionnoticias.com.mx\/wp-content\/uploads\/2023\/11\/231122-Dia-del-musico-2-1024x683.jpg?ssl=1\"\/><\/figure><\/li><\/ul><a class=\"wp-block-jetpack-slideshow_button-prev swiper-button-prev swiper-button-white\" role=\"button\"><\/a><a class=\"wp-block-jetpack-slideshow_button-next swiper-button-next swiper-button-white\" role=\"button\"><\/a><a aria-label=\"Pause Slideshow\" class=\"wp-block-jetpack-slideshow_button-pause\" role=\"button\"><\/a><div class=\"wp-block-jetpack-slideshow_pagination swiper-pagination swiper-pagination-white\"><\/div><\/div><\/div>\n","protected":false},"excerpt":{"rendered":"<p>&#8212; Sabor Norte\u00f1o esta conformado por los hermanos Antonio Ram\u00f3n Castro y Francisco Ram\u00f3n Castro, originarios de la comunidad de Huiteco Yasm\u00edn Garc\u00eda Los hermanos Antonio Ram\u00f3n Castro y Francisco&hellip; <\/p>\n","protected":false},"author":32,"featured_media":71222,"comment_status":"open","ping_status":"open","sticky":false,"template":"","format":"standard","meta":{"fifu_image_url":"","fifu_image_alt":"","footnotes":""},"categories":[29],"tags":[],"class_list":["post-71220","post","type-post","status-publish","format-standard","has-post-thumbnail","hentry","category-sociedad"],"_links":{"self":[{"href":"https:\/\/www.interaccionnoticias.com.mx\/index.php?rest_route=\/wp\/v2\/posts\/71220","targetHints":{"allow":["GET"]}}],"collection":[{"href":"https:\/\/www.interaccionnoticias.com.mx\/index.php?rest_route=\/wp\/v2\/posts"}],"about":[{"href":"https:\/\/www.interaccionnoticias.com.mx\/index.php?rest_route=\/wp\/v2\/types\/post"}],"author":[{"embeddable":true,"href":"https:\/\/www.interaccionnoticias.com.mx\/index.php?rest_route=\/wp\/v2\/users\/32"}],"replies":[{"embeddable":true,"href":"https:\/\/www.interaccionnoticias.com.mx\/index.php?rest_route=%2Fwp%2Fv2%2Fcomments&post=71220"}],"version-history":[{"count":1,"href":"https:\/\/www.interaccionnoticias.com.mx\/index.php?rest_route=\/wp\/v2\/posts\/71220\/revisions"}],"predecessor-version":[{"id":71223,"href":"https:\/\/www.interaccionnoticias.com.mx\/index.php?rest_route=\/wp\/v2\/posts\/71220\/revisions\/71223"}],"wp:featuredmedia":[{"embeddable":true,"href":"https:\/\/www.interaccionnoticias.com.mx\/index.php?rest_route=\/wp\/v2\/media\/71222"}],"wp:attachment":[{"href":"https:\/\/www.interaccionnoticias.com.mx\/index.php?rest_route=%2Fwp%2Fv2%2Fmedia&parent=71220"}],"wp:term":[{"taxonomy":"category","embeddable":true,"href":"https:\/\/www.interaccionnoticias.com.mx\/index.php?rest_route=%2Fwp%2Fv2%2Fcategories&post=71220"},{"taxonomy":"post_tag","embeddable":true,"href":"https:\/\/www.interaccionnoticias.com.mx\/index.php?rest_route=%2Fwp%2Fv2%2Ftags&post=71220"}],"curies":[{"name":"wp","href":"https:\/\/api.w.org\/{rel}","templated":true}]}}