{"id":71201,"date":"2023-11-21T20:29:13","date_gmt":"2023-11-22T02:29:13","guid":{"rendered":"https:\/\/interaccionnoticias.com.mx\/?p=71201"},"modified":"2023-11-21T20:29:15","modified_gmt":"2023-11-22T02:29:15","slug":"asesinan-a-balazos-al-ex-regidor-de-chilpancingo-julian-de-la-rosa-pelaez","status":"publish","type":"post","link":"https:\/\/www.interaccionnoticias.com.mx\/?p=71201","title":{"rendered":"Asesinan a balazos al ex regidor de Chilpancingo Juli\u00e1n de la Rosa Pel\u00e1ez"},"content":{"rendered":"\n<p><strong><em>&#8212; Era hermano de Sebasti\u00e1n de la Rosa, ex diputado local y ex dirigente estatal del PRD<\/em><\/strong><\/p>\n\n\n\n<p><strong>Rogelio Agust\u00edn<\/strong><\/p>\n\n\n\n<p>El ex regidor perredista en el periodo 2018-2021, Juli\u00e1n de la Rosa Pel\u00e1ez fue asesinado a balazos en el acceso principal de la colonia Lomas de Xocomulco, en la parte nor-poniente de la capital del estado.<\/p>\n\n\n\n<p>Alrededor de las 13:00 horas se report\u00f3 un ataque armado en la calle California, ubicada en la parte baja de la colonia Lomas de Xocomulco, muy cerca de los carriles norte-sur del bulevar Vicente Guerrero.<\/p>\n\n\n\n<p>El hecho moviliz\u00f3 a param\u00e9dicos de la Cruz Roja, los que al llegar confirmaron que la v\u00edctima era un hombre de aproximados 50 a\u00f1os de edad, mismo que ya no presentaba signos vitales.<\/p>\n\n\n\n<p>Una vez confirmado el deceso, se dio vista de hecho a la Polic\u00eda del Estado y la Polic\u00eda Preventiva de Chilpancingo, que acudieron para acordonar la escena del crimen, enseguida se moviliz\u00f3 hacia dicho punto personal de la Fiscal\u00eda General del Estado (FGE) para realizar las diligencias de ley.<\/p>\n\n\n\n<p>Juli\u00e1n de la Rosa vestia un pantal\u00f3n color negro y una camisa cuadrada de manga larga con tonos azul marino y turquesa, tras ser baleado qued\u00f3 tirado con el rostro hacia el asfalto.<\/p>\n\n\n\n<p>Fue regidor por el PRD en el periodo comprendido de 2018 a 2021, en la administraci\u00f3n de Antonio Gaspar Beltr\u00e1n.<\/p>\n\n\n\n<p>Su hermano, Sebasti\u00e1n de la Rosa Pel\u00e1ez ha sido diputado local en tres ocasiones y fue dirigente estatal del partido del sol azteca, aunque recientemente se deslind\u00f3 de dicho instituto pol\u00edtico para incorporarse al Movimiento Ciudadano (MC).<\/p>\n\n\n\n<div class=\"wp-block-jetpack-slideshow aligncenter\" data-effect=\"slide\"><div class=\"wp-block-jetpack-slideshow_container swiper-container\"><ul class=\"wp-block-jetpack-slideshow_swiper-wrapper swiper-wrapper\"><li class=\"wp-block-jetpack-slideshow_slide swiper-slide\"><figure><img decoding=\"async\" src=\"data:image\/gif;base64,R0lGODlhAQABAIAAAAAAAP\/\/\/ywAAAAAAQABAAACAUwAOw==\" fifu-lazy=\"1\" fifu-data-sizes=\"auto\" fifu-data-srcset=\"https:\/\/i3.wp.com\/interaccionnoticias.com.mx\/wp-content\/uploads\/2023\/11\/231121-Julian-de-la-Rosa-Pelaez-2-1024x683.jpg?ssl=1&w=75&resize=75&ssl=1 75w, https:\/\/i3.wp.com\/interaccionnoticias.com.mx\/wp-content\/uploads\/2023\/11\/231121-Julian-de-la-Rosa-Pelaez-2-1024x683.jpg?ssl=1&w=100&resize=100&ssl=1 100w, https:\/\/i3.wp.com\/interaccionnoticias.com.mx\/wp-content\/uploads\/2023\/11\/231121-Julian-de-la-Rosa-Pelaez-2-1024x683.jpg?ssl=1&w=150&resize=150&ssl=1 150w, https:\/\/i3.wp.com\/interaccionnoticias.com.mx\/wp-content\/uploads\/2023\/11\/231121-Julian-de-la-Rosa-Pelaez-2-1024x683.jpg?ssl=1&w=240&resize=240&ssl=1 240w, https:\/\/i3.wp.com\/interaccionnoticias.com.mx\/wp-content\/uploads\/2023\/11\/231121-Julian-de-la-Rosa-Pelaez-2-1024x683.jpg?ssl=1&w=320&resize=320&ssl=1 320w, https:\/\/i3.wp.com\/interaccionnoticias.com.mx\/wp-content\/uploads\/2023\/11\/231121-Julian-de-la-Rosa-Pelaez-2-1024x683.jpg?ssl=1&w=500&resize=500&ssl=1 500w, https:\/\/i3.wp.com\/interaccionnoticias.com.mx\/wp-content\/uploads\/2023\/11\/231121-Julian-de-la-Rosa-Pelaez-2-1024x683.jpg?ssl=1&w=640&resize=640&ssl=1 640w, https:\/\/i3.wp.com\/interaccionnoticias.com.mx\/wp-content\/uploads\/2023\/11\/231121-Julian-de-la-Rosa-Pelaez-2-1024x683.jpg?ssl=1&w=800&resize=800&ssl=1 800w, https:\/\/i3.wp.com\/interaccionnoticias.com.mx\/wp-content\/uploads\/2023\/11\/231121-Julian-de-la-Rosa-Pelaez-2-1024x683.jpg?ssl=1&w=1024&resize=1024&ssl=1 1024w, https:\/\/i3.wp.com\/interaccionnoticias.com.mx\/wp-content\/uploads\/2023\/11\/231121-Julian-de-la-Rosa-Pelaez-2-1024x683.jpg?ssl=1&w=1280&resize=1280&ssl=1 1280w, https:\/\/i3.wp.com\/interaccionnoticias.com.mx\/wp-content\/uploads\/2023\/11\/231121-Julian-de-la-Rosa-Pelaez-2-1024x683.jpg?ssl=1&w=1600&resize=1600&ssl=1 1600w\" alt=\"\" class=\"wp-block-jetpack-slideshow_image wp-image-71203\" data-id=\"71203\" fifu-data-src=\"https:\/\/i3.wp.com\/interaccionnoticias.com.mx\/wp-content\/uploads\/2023\/11\/231121-Julian-de-la-Rosa-Pelaez-2-1024x683.jpg?ssl=1\"\/><\/figure><\/li><li class=\"wp-block-jetpack-slideshow_slide swiper-slide\"><figure><img decoding=\"async\" src=\"data:image\/gif;base64,R0lGODlhAQABAIAAAAAAAP\/\/\/ywAAAAAAQABAAACAUwAOw==\" fifu-lazy=\"1\" fifu-data-sizes=\"auto\" fifu-data-srcset=\"https:\/\/i0.wp.com\/interaccionnoticias.com.mx\/wp-content\/uploads\/2023\/11\/231121-Julian-de-la-Rosa-Pelaez-1-1024x683.jpg?ssl=1&w=75&resize=75&ssl=1 75w, https:\/\/i0.wp.com\/interaccionnoticias.com.mx\/wp-content\/uploads\/2023\/11\/231121-Julian-de-la-Rosa-Pelaez-1-1024x683.jpg?ssl=1&w=100&resize=100&ssl=1 100w, https:\/\/i0.wp.com\/interaccionnoticias.com.mx\/wp-content\/uploads\/2023\/11\/231121-Julian-de-la-Rosa-Pelaez-1-1024x683.jpg?ssl=1&w=150&resize=150&ssl=1 150w, https:\/\/i0.wp.com\/interaccionnoticias.com.mx\/wp-content\/uploads\/2023\/11\/231121-Julian-de-la-Rosa-Pelaez-1-1024x683.jpg?ssl=1&w=240&resize=240&ssl=1 240w, https:\/\/i0.wp.com\/interaccionnoticias.com.mx\/wp-content\/uploads\/2023\/11\/231121-Julian-de-la-Rosa-Pelaez-1-1024x683.jpg?ssl=1&w=320&resize=320&ssl=1 320w, https:\/\/i0.wp.com\/interaccionnoticias.com.mx\/wp-content\/uploads\/2023\/11\/231121-Julian-de-la-Rosa-Pelaez-1-1024x683.jpg?ssl=1&w=500&resize=500&ssl=1 500w, https:\/\/i0.wp.com\/interaccionnoticias.com.mx\/wp-content\/uploads\/2023\/11\/231121-Julian-de-la-Rosa-Pelaez-1-1024x683.jpg?ssl=1&w=640&resize=640&ssl=1 640w, https:\/\/i0.wp.com\/interaccionnoticias.com.mx\/wp-content\/uploads\/2023\/11\/231121-Julian-de-la-Rosa-Pelaez-1-1024x683.jpg?ssl=1&w=800&resize=800&ssl=1 800w, https:\/\/i0.wp.com\/interaccionnoticias.com.mx\/wp-content\/uploads\/2023\/11\/231121-Julian-de-la-Rosa-Pelaez-1-1024x683.jpg?ssl=1&w=1024&resize=1024&ssl=1 1024w, https:\/\/i0.wp.com\/interaccionnoticias.com.mx\/wp-content\/uploads\/2023\/11\/231121-Julian-de-la-Rosa-Pelaez-1-1024x683.jpg?ssl=1&w=1280&resize=1280&ssl=1 1280w, https:\/\/i0.wp.com\/interaccionnoticias.com.mx\/wp-content\/uploads\/2023\/11\/231121-Julian-de-la-Rosa-Pelaez-1-1024x683.jpg?ssl=1&w=1600&resize=1600&ssl=1 1600w\" alt=\"\" class=\"wp-block-jetpack-slideshow_image wp-image-71202\" data-id=\"71202\" fifu-data-src=\"https:\/\/i0.wp.com\/interaccionnoticias.com.mx\/wp-content\/uploads\/2023\/11\/231121-Julian-de-la-Rosa-Pelaez-1-1024x683.jpg?ssl=1\"\/><\/figure><\/li><li class=\"wp-block-jetpack-slideshow_slide swiper-slide\"><figure><img decoding=\"async\" src=\"data:image\/gif;base64,R0lGODlhAQABAIAAAAAAAP\/\/\/ywAAAAAAQABAAACAUwAOw==\" fifu-lazy=\"1\" fifu-data-sizes=\"auto\" fifu-data-srcset=\"https:\/\/i1.wp.com\/interaccionnoticias.com.mx\/wp-content\/uploads\/2023\/11\/231121-Julian-de-la-Rosa-Pelaez-3-1024x683.jpg?ssl=1&w=75&resize=75&ssl=1 75w, https:\/\/i1.wp.com\/interaccionnoticias.com.mx\/wp-content\/uploads\/2023\/11\/231121-Julian-de-la-Rosa-Pelaez-3-1024x683.jpg?ssl=1&w=100&resize=100&ssl=1 100w, https:\/\/i1.wp.com\/interaccionnoticias.com.mx\/wp-content\/uploads\/2023\/11\/231121-Julian-de-la-Rosa-Pelaez-3-1024x683.jpg?ssl=1&w=150&resize=150&ssl=1 150w, https:\/\/i1.wp.com\/interaccionnoticias.com.mx\/wp-content\/uploads\/2023\/11\/231121-Julian-de-la-Rosa-Pelaez-3-1024x683.jpg?ssl=1&w=240&resize=240&ssl=1 240w, https:\/\/i1.wp.com\/interaccionnoticias.com.mx\/wp-content\/uploads\/2023\/11\/231121-Julian-de-la-Rosa-Pelaez-3-1024x683.jpg?ssl=1&w=320&resize=320&ssl=1 320w, https:\/\/i1.wp.com\/interaccionnoticias.com.mx\/wp-content\/uploads\/2023\/11\/231121-Julian-de-la-Rosa-Pelaez-3-1024x683.jpg?ssl=1&w=500&resize=500&ssl=1 500w, https:\/\/i1.wp.com\/interaccionnoticias.com.mx\/wp-content\/uploads\/2023\/11\/231121-Julian-de-la-Rosa-Pelaez-3-1024x683.jpg?ssl=1&w=640&resize=640&ssl=1 640w, https:\/\/i1.wp.com\/interaccionnoticias.com.mx\/wp-content\/uploads\/2023\/11\/231121-Julian-de-la-Rosa-Pelaez-3-1024x683.jpg?ssl=1&w=800&resize=800&ssl=1 800w, https:\/\/i1.wp.com\/interaccionnoticias.com.mx\/wp-content\/uploads\/2023\/11\/231121-Julian-de-la-Rosa-Pelaez-3-1024x683.jpg?ssl=1&w=1024&resize=1024&ssl=1 1024w, https:\/\/i1.wp.com\/interaccionnoticias.com.mx\/wp-content\/uploads\/2023\/11\/231121-Julian-de-la-Rosa-Pelaez-3-1024x683.jpg?ssl=1&w=1280&resize=1280&ssl=1 1280w, https:\/\/i1.wp.com\/interaccionnoticias.com.mx\/wp-content\/uploads\/2023\/11\/231121-Julian-de-la-Rosa-Pelaez-3-1024x683.jpg?ssl=1&w=1600&resize=1600&ssl=1 1600w\" alt=\"\" class=\"wp-block-jetpack-slideshow_image wp-image-71204\" data-id=\"71204\" fifu-data-src=\"https:\/\/i1.wp.com\/interaccionnoticias.com.mx\/wp-content\/uploads\/2023\/11\/231121-Julian-de-la-Rosa-Pelaez-3-1024x683.jpg?ssl=1\"\/><\/figure><\/li><\/ul><a class=\"wp-block-jetpack-slideshow_button-prev swiper-button-prev swiper-button-white\" role=\"button\"><\/a><a class=\"wp-block-jetpack-slideshow_button-next swiper-button-next swiper-button-white\" role=\"button\"><\/a><a aria-label=\"Pause Slideshow\" class=\"wp-block-jetpack-slideshow_button-pause\" role=\"button\"><\/a><div class=\"wp-block-jetpack-slideshow_pagination swiper-pagination swiper-pagination-white\"><\/div><\/div><\/div>\n","protected":false},"excerpt":{"rendered":"<p>&#8212; Era hermano de Sebasti\u00e1n de la Rosa, ex diputado local y ex dirigente estatal del PRD Rogelio Agust\u00edn El ex regidor perredista en el periodo 2018-2021, Juli\u00e1n de la&hellip; <\/p>\n","protected":false},"author":21,"featured_media":71202,"comment_status":"open","ping_status":"open","sticky":false,"template":"","format":"standard","meta":{"fifu_image_url":"","fifu_image_alt":"","footnotes":""},"categories":[27],"tags":[],"class_list":["post-71201","post","type-post","status-publish","format-standard","has-post-thumbnail","hentry","category-seguridad-publica"],"_links":{"self":[{"href":"https:\/\/www.interaccionnoticias.com.mx\/index.php?rest_route=\/wp\/v2\/posts\/71201","targetHints":{"allow":["GET"]}}],"collection":[{"href":"https:\/\/www.interaccionnoticias.com.mx\/index.php?rest_route=\/wp\/v2\/posts"}],"about":[{"href":"https:\/\/www.interaccionnoticias.com.mx\/index.php?rest_route=\/wp\/v2\/types\/post"}],"author":[{"embeddable":true,"href":"https:\/\/www.interaccionnoticias.com.mx\/index.php?rest_route=\/wp\/v2\/users\/21"}],"replies":[{"embeddable":true,"href":"https:\/\/www.interaccionnoticias.com.mx\/index.php?rest_route=%2Fwp%2Fv2%2Fcomments&post=71201"}],"version-history":[{"count":1,"href":"https:\/\/www.interaccionnoticias.com.mx\/index.php?rest_route=\/wp\/v2\/posts\/71201\/revisions"}],"predecessor-version":[{"id":71205,"href":"https:\/\/www.interaccionnoticias.com.mx\/index.php?rest_route=\/wp\/v2\/posts\/71201\/revisions\/71205"}],"wp:featuredmedia":[{"embeddable":true,"href":"https:\/\/www.interaccionnoticias.com.mx\/index.php?rest_route=\/wp\/v2\/media\/71202"}],"wp:attachment":[{"href":"https:\/\/www.interaccionnoticias.com.mx\/index.php?rest_route=%2Fwp%2Fv2%2Fmedia&parent=71201"}],"wp:term":[{"taxonomy":"category","embeddable":true,"href":"https:\/\/www.interaccionnoticias.com.mx\/index.php?rest_route=%2Fwp%2Fv2%2Fcategories&post=71201"},{"taxonomy":"post_tag","embeddable":true,"href":"https:\/\/www.interaccionnoticias.com.mx\/index.php?rest_route=%2Fwp%2Fv2%2Ftags&post=71201"}],"curies":[{"name":"wp","href":"https:\/\/api.w.org\/{rel}","templated":true}]}}