{"id":71199,"date":"2023-11-21T18:31:35","date_gmt":"2023-11-22T00:31:35","guid":{"rendered":"https:\/\/interaccionnoticias.com.mx\/?p=71199"},"modified":"2023-11-21T18:31:37","modified_gmt":"2023-11-22T00:31:37","slug":"pan-guerrero-saluda-los-acuerdos-alcanzados-en-la-alianza-fuerza-y-corazon-por-mexico","status":"publish","type":"post","link":"https:\/\/www.interaccionnoticias.com.mx\/?p=71199","title":{"rendered":"PAN-Guerrero saluda los acuerdos alcanzados en la alianza Fuerza y Coraz\u00f3n por M\u00e9xico"},"content":{"rendered":"\n<p><strong><em>&#8212; El inicio de la campa\u00f1a de Xochitl G\u00e1lvez rompi\u00f3 los esquemas tradicionales, asegura Eloy Salmer\u00f3n<\/em><\/strong><\/p>\n\n\n\n<p><strong>Rosario Garc\u00eda Orozco<\/strong><\/p>\n\n\n\n<p><strong>Chilpancingo, Gro., 21 de noviembre de 2023.-<\/strong> Luego de los acuerdos alcanzados entre las dirigencias del PRI, PAN y PRD al interior de la alianza \u201cFuerza y Coraz\u00f3n por M\u00e9xico\u201d, el dirigente estatal de Acci\u00f3n Nacional, Eloy Salmer\u00f3n D\u00edaz, celebr\u00f3 que a su partido le toque encabezar la candidatura a la diputaci\u00f3n federal por el distrito 07 con cabecera en Chilpancingo.<\/p>\n\n\n\n<p>\u201cTodo indica que hay un acuerdo s\u00f3lido, fuerte que sin duda en alg\u00fan punto a veces no deja a todos conforme porque cada quien tiene su fuerza pol\u00edtica, su fortaleza, la defiende, se entiende y se reconoce, creo que se est\u00e1 haciendo un gran esfuerzo y todo lo que salga de ese acuerdo fortalecer al frente\u201d, expres\u00f3 el dirigente panista.<\/p>\n\n\n\n<p>Dijo que en la elecci\u00f3n pasada el PRI y el PRD se fortalecieron y eso les da derecho a encabezar las formulas al senado de la Rep\u00fablica, \u201cy eso se le reconoce\u201d, pero asegur\u00f3 que el PAN abonar\u00e1 en ese proceso.<\/p>\n\n\n\n<p>Eloy Salmer\u00f3n ratific\u00f3 el apoyo que su partido dar\u00e1 a la campa\u00f1a que encabezar\u00e1 X\u00f3chitl G\u00e1lvez rumbo a la presidencia de la Rep\u00fablica, \u201cestamos totalmente firmes en el proyecto de Fuerza y Coraz\u00f3n por M\u00e9xico que se ha registrado ya\u201d.<\/p>\n\n\n\n<p>Explic\u00f3 que para determinar qui\u00e9n ser\u00e1 el candidato o la candidata del distrito 07 a la diputaci\u00f3n federal es necesario analizar los perfiles de los aspirantes y ser\u00e1 la Comisi\u00f3n Permanente del Consejo Nacional del PAN, quien lo determine.<\/p>\n\n\n\n<p>\u00abA\u00fan no se sabe si va a ser hombre o mujer pero si hay varios perfiles a analizar\u00bb, dijo el panista, quien agreg\u00f3 que su partido ser\u00e1 responsable para elegir al aspirante mejor posicionado para ganar la elecci\u00f3n en este distrito.<\/p>\n\n\n\n<p>-El inicio de la campa\u00f1a de Xochitl G\u00e1lvez romp\u00edo los esquemas tradicionales<\/p>\n\n\n\n<p>Salmer\u00f3n D\u00edaz consider\u00f3 que el inicio de la campa\u00f1a de la abanderada de la alianza en Coyuca de Ben\u00edtez, rompi\u00f3 con los esquemas tradicionales de hacer precampa\u00f1as.<\/p>\n\n\n\n<p>Dijo que la misma X\u00f3chitl G\u00e1lvez se dio cuenta de que los apoyos llegaban al puerto de Acapulco para los damnificados por el hurac\u00e1n Otis, pero dejaban sin ayuda a Coyuca de Ben\u00edtez, \u00abde ah\u00ed su presencia en ese lugar de la Costa Grande de Guerrero donde previamente envi\u00f3 brigadas a realizar limpieza de calles, y otros apoyos para la gente en sus hogares\u00bb.<\/p>\n\n\n\n<p>El panista dijo que a diferencia de lo que pasa en Acapulco, en Coyuca de Ben\u00edtez se involucr\u00f3 a la gente en las labores de limpieza, a quienes se les otorg\u00f3 ayuda por hacer las labores de remoci\u00f3n de escombros, \u201cy X\u00f3chitl quiso arrancar ah\u00ed, con concentraciones sin acarreados, m\u00e1s que nada las comunidades que se concentraron en una marcha\u201d, asegur\u00f3.<\/p>\n","protected":false},"excerpt":{"rendered":"<p>&#8212; El inicio de la campa\u00f1a de Xochitl G\u00e1lvez rompi\u00f3 los esquemas tradicionales, asegura Eloy Salmer\u00f3n Rosario Garc\u00eda Orozco Chilpancingo, Gro., 21 de noviembre de 2023.- Luego de los acuerdos&hellip; <\/p>\n","protected":false},"author":14,"featured_media":68982,"comment_status":"open","ping_status":"open","sticky":false,"template":"","format":"standard","meta":{"fifu_image_url":"","fifu_image_alt":"","footnotes":""},"categories":[21],"tags":[],"class_list":["post-71199","post","type-post","status-publish","format-standard","has-post-thumbnail","hentry","category-politica"],"_links":{"self":[{"href":"https:\/\/www.interaccionnoticias.com.mx\/index.php?rest_route=\/wp\/v2\/posts\/71199","targetHints":{"allow":["GET"]}}],"collection":[{"href":"https:\/\/www.interaccionnoticias.com.mx\/index.php?rest_route=\/wp\/v2\/posts"}],"about":[{"href":"https:\/\/www.interaccionnoticias.com.mx\/index.php?rest_route=\/wp\/v2\/types\/post"}],"author":[{"embeddable":true,"href":"https:\/\/www.interaccionnoticias.com.mx\/index.php?rest_route=\/wp\/v2\/users\/14"}],"replies":[{"embeddable":true,"href":"https:\/\/www.interaccionnoticias.com.mx\/index.php?rest_route=%2Fwp%2Fv2%2Fcomments&post=71199"}],"version-history":[{"count":1,"href":"https:\/\/www.interaccionnoticias.com.mx\/index.php?rest_route=\/wp\/v2\/posts\/71199\/revisions"}],"predecessor-version":[{"id":71200,"href":"https:\/\/www.interaccionnoticias.com.mx\/index.php?rest_route=\/wp\/v2\/posts\/71199\/revisions\/71200"}],"wp:featuredmedia":[{"embeddable":true,"href":"https:\/\/www.interaccionnoticias.com.mx\/index.php?rest_route=\/wp\/v2\/media\/68982"}],"wp:attachment":[{"href":"https:\/\/www.interaccionnoticias.com.mx\/index.php?rest_route=%2Fwp%2Fv2%2Fmedia&parent=71199"}],"wp:term":[{"taxonomy":"category","embeddable":true,"href":"https:\/\/www.interaccionnoticias.com.mx\/index.php?rest_route=%2Fwp%2Fv2%2Fcategories&post=71199"},{"taxonomy":"post_tag","embeddable":true,"href":"https:\/\/www.interaccionnoticias.com.mx\/index.php?rest_route=%2Fwp%2Fv2%2Ftags&post=71199"}],"curies":[{"name":"wp","href":"https:\/\/api.w.org\/{rel}","templated":true}]}}