{"id":71180,"date":"2023-11-21T18:03:37","date_gmt":"2023-11-22T00:03:37","guid":{"rendered":"https:\/\/interaccionnoticias.com.mx\/?p=71180"},"modified":"2023-11-21T18:03:40","modified_gmt":"2023-11-22T00:03:40","slug":"indigenas-radicados-en-acapulco-piden-a-las-autoridades-no-ser-excluidos-estan-siendo-discriminado","status":"publish","type":"post","link":"https:\/\/www.interaccionnoticias.com.mx\/?p=71180","title":{"rendered":"Ind\u00edgenas radicados en Acapulco piden a las autoridades no ser excluidos, est\u00e1n siendo discriminado"},"content":{"rendered":"\n<p><strong>Dassaev T\u00e9llez Adame<\/strong><\/p>\n\n\n\n<p><strong>Chilpancingo, 21 de noviembre.- <\/strong>A cuatro d\u00edas de que se cumpla un mes del desastre que dejo el paso del Hurac\u00e1n categor\u00eda 5 \u2018Otis\u2019, ind\u00edgenas de las cuatro lenguas que se hablan en Guerrero, indicaron que est\u00e1n siendo excluidos en la entrega de apoyos que las autoridades est\u00e1n entregando a los damnificados.<\/p>\n\n\n\n<p>Por lo que pidieron a los tres niveles de gobierno el ser contemplados en estos apoyos, se\u00f1alan que sufren discriminaci\u00f3n por parte de funcionarios.<\/p>\n\n\n\n<p>La se\u00f1ora Amalia Guevara Saavedra, originaria de la regi\u00f3n Monta\u00f1a, dijo que los ind\u00edgenas est\u00e1n sufriendo un doble desastre, ya que no solo fueron afectados por el paso del hurac\u00e1n y sus vientos de m\u00e1s de 300 kil\u00f3metros por hora (km\/h), dijo que tambi\u00e9n est\u00e1n siendo discriminados.<\/p>\n\n\n\n<p>Explico que, adem\u00e1s de su familia, existe cerca de cien familias que viven en la colonia Chinameca, en Acapulco, y todas sufrieron el embate de los fuertes vientos y la lluvia que se propiciaron por el paso del hurac\u00e1n.<\/p>\n\n\n\n<p>Adem\u00e1s de que, como miles de personas, ellos tambi\u00e9n perdieron sus enseres dom\u00e9sticos, aparatos y techos de sus casas.<\/p>\n\n\n\n<p>Sumado a esto, actualmente se encuentran desempleados, ya que casi todos son artesanos, pero tambi\u00e9n existen personas que se dedican a la venta de fruta o comidas, algunas mujeres son empleadas del hogar, otros m\u00e1s son alba\u00f1iles, pero \u201cen este momento nadie contrata a nadie\u201d.<\/p>\n\n\n\n<p>Por su parte, el presidente de la Uni\u00f3n de Ind\u00edgenas Radicados en Acapulco, Marcos Guevara Saavedra, dijo que \u00e9l radica en el puerto desde hace 40 a\u00f1os y se tuvo que desplazar desde Metlat\u00f3noc por la falta de empleo y las pocas o casi nulas posibilidades de estudiar.<\/p>\n\n\n\n<p>\u00abNos gust\u00f3 a Acapulco, nos compramos un terreno, hicimos la casa poco a poco, pero llega el Hurac\u00e1n y pues nos toc\u00f3 la de perder, pero nos vamos a recuperar\u00bb, dice.<\/p>\n\n\n\n<p>Indico que esta es la primera vez que las autoridades federales y estatales, despu\u00e9s del paso de \u2018Otis\u2019, se enteran de que existe una considerable cantidad de poblaci\u00f3n ind\u00edgena en el puerto y apenas les comenzaron a llegar los apoyos.<\/p>\n\n\n\n<p>Arturo Santiago Candelaria, ind\u00edgena amuzgo de Zacualpan, Municipio de Ometepec, actualmente vive en la Colonia Praderas de Costa Azul, dijo que ojal\u00e1 despu\u00e9s del Hurac\u00e1n la comunidad ind\u00edgena sea visibilizada, ya que ellos tambi\u00e9n trabajan por Acapulco y su labor debe ser reconocida.<\/p>\n\n\n\n<p>Explico que \u00e9l trabaja como artesano, pero sus compa\u00f1eros tanto amuzgos, como tlapanecos y mixtecos est\u00e1n dentro de todas las actividades econ\u00f3micas y en los sectores tur\u00edsticos como prestadores de servicios.<\/p>\n\n\n\n<p>Lamentando que los apoyos no est\u00e1n siendo repartidos de manera pareja, ya que no hay un recogimiento oficial que de fe y reconozca la existencia de una poblaci\u00f3n ind\u00edgena en el puerto.<\/p>\n\n\n\n<p>Puntualizando que podr\u00edan ser hasta 80 mil personas de las lenguas Tlapaneca, Mixteca, N\u00e1huatl y Amuzga que viven en el Puerto.<\/p>\n\n\n\n<p>Asegurando que la \u00fanica dependencia que ha realizado jornadas de apoyo a este sector ha sido el Instituto Nacional para los Pueblos Ind\u00edgenas (INPI) a trav\u00e9s de su representante en Guerrero, Manuel V\u00e1zquez Quintero<\/p>\n\n\n\n<p>Quienes los han apoyado con v\u00edveres, agua, ropa y calzado, y tratando de ubicar en que puntos de la ciudad hay personas Ind\u00edgenas.<\/p>\n\n\n\n<p>Hicieron un llamado para que el Director nacional de este instituto, Adelfo Regino Montes, de instrucciones u ordene la realizaci\u00f3n de un censo en Acapulco para que se pueda incluir a la poblaci\u00f3n ind\u00edgena en la entrega de apoyos que realiza esta dependencia.<\/p>\n\n\n\n<p>Ya que dicho censo solo esta enfocado en la regi\u00f3n monta\u00f1a.<\/p>\n\n\n\n<p>Despu\u00e9s de una larga jornada de entrega de despensas, los habitantes de las Colonias Hermenegildo Galeana, Chinameca y Praderas de Costa Azul agradecieron el apoyo brindado, y que despu\u00e9s de muchos a\u00f1os la comunidad ind\u00edgena no est\u00e9 siendo olvidada.<\/p>\n\n\n\n<div class=\"wp-block-jetpack-slideshow aligncenter\" data-effect=\"slide\"><div class=\"wp-block-jetpack-slideshow_container swiper-container\"><ul class=\"wp-block-jetpack-slideshow_swiper-wrapper swiper-wrapper\"><li class=\"wp-block-jetpack-slideshow_slide swiper-slide\"><figure><img decoding=\"async\" src=\"data:image\/gif;base64,R0lGODlhAQABAIAAAAAAAP\/\/\/ywAAAAAAQABAAACAUwAOw==\" fifu-lazy=\"1\" fifu-data-sizes=\"auto\" fifu-data-srcset=\"https:\/\/i3.wp.com\/interaccionnoticias.com.mx\/wp-content\/uploads\/2023\/11\/231121-Indigenas-radicados-en-Acapulco-1-1024x683.jpg?ssl=1&w=75&resize=75&ssl=1 75w, https:\/\/i3.wp.com\/interaccionnoticias.com.mx\/wp-content\/uploads\/2023\/11\/231121-Indigenas-radicados-en-Acapulco-1-1024x683.jpg?ssl=1&w=100&resize=100&ssl=1 100w, https:\/\/i3.wp.com\/interaccionnoticias.com.mx\/wp-content\/uploads\/2023\/11\/231121-Indigenas-radicados-en-Acapulco-1-1024x683.jpg?ssl=1&w=150&resize=150&ssl=1 150w, https:\/\/i3.wp.com\/interaccionnoticias.com.mx\/wp-content\/uploads\/2023\/11\/231121-Indigenas-radicados-en-Acapulco-1-1024x683.jpg?ssl=1&w=240&resize=240&ssl=1 240w, https:\/\/i3.wp.com\/interaccionnoticias.com.mx\/wp-content\/uploads\/2023\/11\/231121-Indigenas-radicados-en-Acapulco-1-1024x683.jpg?ssl=1&w=320&resize=320&ssl=1 320w, https:\/\/i3.wp.com\/interaccionnoticias.com.mx\/wp-content\/uploads\/2023\/11\/231121-Indigenas-radicados-en-Acapulco-1-1024x683.jpg?ssl=1&w=500&resize=500&ssl=1 500w, https:\/\/i3.wp.com\/interaccionnoticias.com.mx\/wp-content\/uploads\/2023\/11\/231121-Indigenas-radicados-en-Acapulco-1-1024x683.jpg?ssl=1&w=640&resize=640&ssl=1 640w, https:\/\/i3.wp.com\/interaccionnoticias.com.mx\/wp-content\/uploads\/2023\/11\/231121-Indigenas-radicados-en-Acapulco-1-1024x683.jpg?ssl=1&w=800&resize=800&ssl=1 800w, https:\/\/i3.wp.com\/interaccionnoticias.com.mx\/wp-content\/uploads\/2023\/11\/231121-Indigenas-radicados-en-Acapulco-1-1024x683.jpg?ssl=1&w=1024&resize=1024&ssl=1 1024w, https:\/\/i3.wp.com\/interaccionnoticias.com.mx\/wp-content\/uploads\/2023\/11\/231121-Indigenas-radicados-en-Acapulco-1-1024x683.jpg?ssl=1&w=1280&resize=1280&ssl=1 1280w, https:\/\/i3.wp.com\/interaccionnoticias.com.mx\/wp-content\/uploads\/2023\/11\/231121-Indigenas-radicados-en-Acapulco-1-1024x683.jpg?ssl=1&w=1600&resize=1600&ssl=1 1600w\" alt=\"\" class=\"wp-block-jetpack-slideshow_image wp-image-71181\" data-id=\"71181\" fifu-data-src=\"https:\/\/i3.wp.com\/interaccionnoticias.com.mx\/wp-content\/uploads\/2023\/11\/231121-Indigenas-radicados-en-Acapulco-1-1024x683.jpg?ssl=1\"\/><\/figure><\/li><li class=\"wp-block-jetpack-slideshow_slide swiper-slide\"><figure><img decoding=\"async\" src=\"data:image\/gif;base64,R0lGODlhAQABAIAAAAAAAP\/\/\/ywAAAAAAQABAAACAUwAOw==\" fifu-lazy=\"1\" fifu-data-sizes=\"auto\" fifu-data-srcset=\"https:\/\/i0.wp.com\/interaccionnoticias.com.mx\/wp-content\/uploads\/2023\/11\/231121-Indigenas-radicados-en-Acapulco-2-1024x683.jpg?ssl=1&w=75&resize=75&ssl=1 75w, https:\/\/i0.wp.com\/interaccionnoticias.com.mx\/wp-content\/uploads\/2023\/11\/231121-Indigenas-radicados-en-Acapulco-2-1024x683.jpg?ssl=1&w=100&resize=100&ssl=1 100w, https:\/\/i0.wp.com\/interaccionnoticias.com.mx\/wp-content\/uploads\/2023\/11\/231121-Indigenas-radicados-en-Acapulco-2-1024x683.jpg?ssl=1&w=150&resize=150&ssl=1 150w, https:\/\/i0.wp.com\/interaccionnoticias.com.mx\/wp-content\/uploads\/2023\/11\/231121-Indigenas-radicados-en-Acapulco-2-1024x683.jpg?ssl=1&w=240&resize=240&ssl=1 240w, https:\/\/i0.wp.com\/interaccionnoticias.com.mx\/wp-content\/uploads\/2023\/11\/231121-Indigenas-radicados-en-Acapulco-2-1024x683.jpg?ssl=1&w=320&resize=320&ssl=1 320w, https:\/\/i0.wp.com\/interaccionnoticias.com.mx\/wp-content\/uploads\/2023\/11\/231121-Indigenas-radicados-en-Acapulco-2-1024x683.jpg?ssl=1&w=500&resize=500&ssl=1 500w, https:\/\/i0.wp.com\/interaccionnoticias.com.mx\/wp-content\/uploads\/2023\/11\/231121-Indigenas-radicados-en-Acapulco-2-1024x683.jpg?ssl=1&w=640&resize=640&ssl=1 640w, https:\/\/i0.wp.com\/interaccionnoticias.com.mx\/wp-content\/uploads\/2023\/11\/231121-Indigenas-radicados-en-Acapulco-2-1024x683.jpg?ssl=1&w=800&resize=800&ssl=1 800w, https:\/\/i0.wp.com\/interaccionnoticias.com.mx\/wp-content\/uploads\/2023\/11\/231121-Indigenas-radicados-en-Acapulco-2-1024x683.jpg?ssl=1&w=1024&resize=1024&ssl=1 1024w, https:\/\/i0.wp.com\/interaccionnoticias.com.mx\/wp-content\/uploads\/2023\/11\/231121-Indigenas-radicados-en-Acapulco-2-1024x683.jpg?ssl=1&w=1280&resize=1280&ssl=1 1280w, https:\/\/i0.wp.com\/interaccionnoticias.com.mx\/wp-content\/uploads\/2023\/11\/231121-Indigenas-radicados-en-Acapulco-2-1024x683.jpg?ssl=1&w=1600&resize=1600&ssl=1 1600w\" alt=\"\" class=\"wp-block-jetpack-slideshow_image wp-image-71182\" data-id=\"71182\" fifu-data-src=\"https:\/\/i0.wp.com\/interaccionnoticias.com.mx\/wp-content\/uploads\/2023\/11\/231121-Indigenas-radicados-en-Acapulco-2-1024x683.jpg?ssl=1\"\/><\/figure><\/li><li class=\"wp-block-jetpack-slideshow_slide swiper-slide\"><figure><img decoding=\"async\" src=\"data:image\/gif;base64,R0lGODlhAQABAIAAAAAAAP\/\/\/ywAAAAAAQABAAACAUwAOw==\" fifu-lazy=\"1\" fifu-data-sizes=\"auto\" fifu-data-srcset=\"https:\/\/i2.wp.com\/interaccionnoticias.com.mx\/wp-content\/uploads\/2023\/11\/231121-Indigenas-radicados-en-Acapulco-3-1024x683.jpg?ssl=1&w=75&resize=75&ssl=1 75w, https:\/\/i2.wp.com\/interaccionnoticias.com.mx\/wp-content\/uploads\/2023\/11\/231121-Indigenas-radicados-en-Acapulco-3-1024x683.jpg?ssl=1&w=100&resize=100&ssl=1 100w, https:\/\/i2.wp.com\/interaccionnoticias.com.mx\/wp-content\/uploads\/2023\/11\/231121-Indigenas-radicados-en-Acapulco-3-1024x683.jpg?ssl=1&w=150&resize=150&ssl=1 150w, https:\/\/i2.wp.com\/interaccionnoticias.com.mx\/wp-content\/uploads\/2023\/11\/231121-Indigenas-radicados-en-Acapulco-3-1024x683.jpg?ssl=1&w=240&resize=240&ssl=1 240w, https:\/\/i2.wp.com\/interaccionnoticias.com.mx\/wp-content\/uploads\/2023\/11\/231121-Indigenas-radicados-en-Acapulco-3-1024x683.jpg?ssl=1&w=320&resize=320&ssl=1 320w, https:\/\/i2.wp.com\/interaccionnoticias.com.mx\/wp-content\/uploads\/2023\/11\/231121-Indigenas-radicados-en-Acapulco-3-1024x683.jpg?ssl=1&w=500&resize=500&ssl=1 500w, https:\/\/i2.wp.com\/interaccionnoticias.com.mx\/wp-content\/uploads\/2023\/11\/231121-Indigenas-radicados-en-Acapulco-3-1024x683.jpg?ssl=1&w=640&resize=640&ssl=1 640w, https:\/\/i2.wp.com\/interaccionnoticias.com.mx\/wp-content\/uploads\/2023\/11\/231121-Indigenas-radicados-en-Acapulco-3-1024x683.jpg?ssl=1&w=800&resize=800&ssl=1 800w, https:\/\/i2.wp.com\/interaccionnoticias.com.mx\/wp-content\/uploads\/2023\/11\/231121-Indigenas-radicados-en-Acapulco-3-1024x683.jpg?ssl=1&w=1024&resize=1024&ssl=1 1024w, https:\/\/i2.wp.com\/interaccionnoticias.com.mx\/wp-content\/uploads\/2023\/11\/231121-Indigenas-radicados-en-Acapulco-3-1024x683.jpg?ssl=1&w=1280&resize=1280&ssl=1 1280w, https:\/\/i2.wp.com\/interaccionnoticias.com.mx\/wp-content\/uploads\/2023\/11\/231121-Indigenas-radicados-en-Acapulco-3-1024x683.jpg?ssl=1&w=1600&resize=1600&ssl=1 1600w\" alt=\"\" class=\"wp-block-jetpack-slideshow_image wp-image-71183\" data-id=\"71183\" fifu-data-src=\"https:\/\/i2.wp.com\/interaccionnoticias.com.mx\/wp-content\/uploads\/2023\/11\/231121-Indigenas-radicados-en-Acapulco-3-1024x683.jpg?ssl=1\"\/><\/figure><\/li><li class=\"wp-block-jetpack-slideshow_slide swiper-slide\"><figure><img decoding=\"async\" src=\"data:image\/gif;base64,R0lGODlhAQABAIAAAAAAAP\/\/\/ywAAAAAAQABAAACAUwAOw==\" fifu-lazy=\"1\" fifu-data-sizes=\"auto\" fifu-data-srcset=\"https:\/\/i2.wp.com\/interaccionnoticias.com.mx\/wp-content\/uploads\/2023\/11\/231121-Indigenas-radicados-en-Acapulco-4-1024x683.jpg?ssl=1&w=75&resize=75&ssl=1 75w, https:\/\/i2.wp.com\/interaccionnoticias.com.mx\/wp-content\/uploads\/2023\/11\/231121-Indigenas-radicados-en-Acapulco-4-1024x683.jpg?ssl=1&w=100&resize=100&ssl=1 100w, https:\/\/i2.wp.com\/interaccionnoticias.com.mx\/wp-content\/uploads\/2023\/11\/231121-Indigenas-radicados-en-Acapulco-4-1024x683.jpg?ssl=1&w=150&resize=150&ssl=1 150w, https:\/\/i2.wp.com\/interaccionnoticias.com.mx\/wp-content\/uploads\/2023\/11\/231121-Indigenas-radicados-en-Acapulco-4-1024x683.jpg?ssl=1&w=240&resize=240&ssl=1 240w, https:\/\/i2.wp.com\/interaccionnoticias.com.mx\/wp-content\/uploads\/2023\/11\/231121-Indigenas-radicados-en-Acapulco-4-1024x683.jpg?ssl=1&w=320&resize=320&ssl=1 320w, https:\/\/i2.wp.com\/interaccionnoticias.com.mx\/wp-content\/uploads\/2023\/11\/231121-Indigenas-radicados-en-Acapulco-4-1024x683.jpg?ssl=1&w=500&resize=500&ssl=1 500w, https:\/\/i2.wp.com\/interaccionnoticias.com.mx\/wp-content\/uploads\/2023\/11\/231121-Indigenas-radicados-en-Acapulco-4-1024x683.jpg?ssl=1&w=640&resize=640&ssl=1 640w, https:\/\/i2.wp.com\/interaccionnoticias.com.mx\/wp-content\/uploads\/2023\/11\/231121-Indigenas-radicados-en-Acapulco-4-1024x683.jpg?ssl=1&w=800&resize=800&ssl=1 800w, https:\/\/i2.wp.com\/interaccionnoticias.com.mx\/wp-content\/uploads\/2023\/11\/231121-Indigenas-radicados-en-Acapulco-4-1024x683.jpg?ssl=1&w=1024&resize=1024&ssl=1 1024w, https:\/\/i2.wp.com\/interaccionnoticias.com.mx\/wp-content\/uploads\/2023\/11\/231121-Indigenas-radicados-en-Acapulco-4-1024x683.jpg?ssl=1&w=1280&resize=1280&ssl=1 1280w, https:\/\/i2.wp.com\/interaccionnoticias.com.mx\/wp-content\/uploads\/2023\/11\/231121-Indigenas-radicados-en-Acapulco-4-1024x683.jpg?ssl=1&w=1600&resize=1600&ssl=1 1600w\" alt=\"\" class=\"wp-block-jetpack-slideshow_image wp-image-71184\" data-id=\"71184\" fifu-data-src=\"https:\/\/i2.wp.com\/interaccionnoticias.com.mx\/wp-content\/uploads\/2023\/11\/231121-Indigenas-radicados-en-Acapulco-4-1024x683.jpg?ssl=1\"\/><\/figure><\/li><\/ul><a class=\"wp-block-jetpack-slideshow_button-prev swiper-button-prev swiper-button-white\" role=\"button\"><\/a><a class=\"wp-block-jetpack-slideshow_button-next swiper-button-next swiper-button-white\" role=\"button\"><\/a><a aria-label=\"Pause Slideshow\" class=\"wp-block-jetpack-slideshow_button-pause\" role=\"button\"><\/a><div class=\"wp-block-jetpack-slideshow_pagination swiper-pagination swiper-pagination-white\"><\/div><\/div><\/div>\n","protected":false},"excerpt":{"rendered":"<p>Dassaev T\u00e9llez Adame Chilpancingo, 21 de noviembre.- A cuatro d\u00edas de que se cumpla un mes del desastre que dejo el paso del Hurac\u00e1n categor\u00eda 5 \u2018Otis\u2019, ind\u00edgenas de las&hellip; <\/p>\n","protected":false},"author":9,"featured_media":71181,"comment_status":"open","ping_status":"open","sticky":false,"template":"","format":"standard","meta":{"fifu_image_url":"","fifu_image_alt":"","footnotes":""},"categories":[242],"tags":[],"class_list":["post-71180","post","type-post","status-publish","format-standard","has-post-thumbnail","hentry","category-acapulco"],"_links":{"self":[{"href":"https:\/\/www.interaccionnoticias.com.mx\/index.php?rest_route=\/wp\/v2\/posts\/71180","targetHints":{"allow":["GET"]}}],"collection":[{"href":"https:\/\/www.interaccionnoticias.com.mx\/index.php?rest_route=\/wp\/v2\/posts"}],"about":[{"href":"https:\/\/www.interaccionnoticias.com.mx\/index.php?rest_route=\/wp\/v2\/types\/post"}],"author":[{"embeddable":true,"href":"https:\/\/www.interaccionnoticias.com.mx\/index.php?rest_route=\/wp\/v2\/users\/9"}],"replies":[{"embeddable":true,"href":"https:\/\/www.interaccionnoticias.com.mx\/index.php?rest_route=%2Fwp%2Fv2%2Fcomments&post=71180"}],"version-history":[{"count":1,"href":"https:\/\/www.interaccionnoticias.com.mx\/index.php?rest_route=\/wp\/v2\/posts\/71180\/revisions"}],"predecessor-version":[{"id":71185,"href":"https:\/\/www.interaccionnoticias.com.mx\/index.php?rest_route=\/wp\/v2\/posts\/71180\/revisions\/71185"}],"wp:featuredmedia":[{"embeddable":true,"href":"https:\/\/www.interaccionnoticias.com.mx\/index.php?rest_route=\/wp\/v2\/media\/71181"}],"wp:attachment":[{"href":"https:\/\/www.interaccionnoticias.com.mx\/index.php?rest_route=%2Fwp%2Fv2%2Fmedia&parent=71180"}],"wp:term":[{"taxonomy":"category","embeddable":true,"href":"https:\/\/www.interaccionnoticias.com.mx\/index.php?rest_route=%2Fwp%2Fv2%2Fcategories&post=71180"},{"taxonomy":"post_tag","embeddable":true,"href":"https:\/\/www.interaccionnoticias.com.mx\/index.php?rest_route=%2Fwp%2Fv2%2Ftags&post=71180"}],"curies":[{"name":"wp","href":"https:\/\/api.w.org\/{rel}","templated":true}]}}