{"id":71177,"date":"2023-11-21T14:14:08","date_gmt":"2023-11-21T20:14:08","guid":{"rendered":"https:\/\/interaccionnoticias.com.mx\/?p=71177"},"modified":"2023-11-21T14:14:10","modified_gmt":"2023-11-21T20:14:10","slug":"para-que-morena-gane-en-chilpancingo-me-necesita-asegura-la-alcaldesa-norma-otilia-hernandez","status":"publish","type":"post","link":"https:\/\/www.interaccionnoticias.com.mx\/?p=71177","title":{"rendered":"\u201cPara que MORENA gane en Chilpancingo me necesita\u201d, asegura la alcaldesa Norma Otilia Hern\u00e1ndez"},"content":{"rendered":"\n<p><strong><em>&#8212; De no consolidar la candidatura al Senado, analizar\u00eda ir por la reelecci\u00f3n en la capital del estado<br>&#8212; Adem\u00e1s de tener su propia marca pol\u00edtica, la jefa de Cabildo recuerda que tiene presencia en el Consejo Estatal de su partido<\/em><\/strong><\/p>\n\n\n\n<p><strong>Rosario Garc\u00eda \/ Jes\u00fas Dorantes<\/strong><\/p>\n\n\n\n<p><strong>Chilpancingo, Gro., 21 de noviembre del 2023.-<\/strong> \u201cPara que Morena pueda ganar en Chilpancingo necesita de Norma Otilia Hern\u00e1ndez\u201d, asegur\u00f3 la alcaldesa en la capital del estado, en una conferencia matutina en la que admiti\u00f3 que adem\u00e1s del Senado tiene un plan B, que es buscar la reelecci\u00f3n.<\/p>\n\n\n\n<p>La ma\u00f1ana del lunes, Hern\u00e1ndez Mart\u00ednez se asumi\u00f3 como una pol\u00edtica con marca propia, que por m\u00e9ritos propios se ha convertido en un activo importante para su partido.<\/p>\n\n\n\n<p>Indic\u00f3 que la Cuarta Transformaci\u00f3n perd\u00eda elecciones en Chilpancingo porque carec\u00eda de estructura, estaba dispersa y no se organizaba.<\/p>\n\n\n\n<p>\u00abHoy desde el gobierno hemos construido la organizaci\u00f3n de la gente, la participaci\u00f3n directa de la gente\u201d, asever\u00f3.<\/p>\n\n\n\n<p>Luego vino un planteamiento concreto: \u201cQuiero comentarles con toda humildad, que forzosamente para ganar en Chilpancingo MORENA requiere a Norma Otilia, quien sea (candidato); ya sea en las federales y hasta para ser diputados locales, eso se los digo con toda honestidad, para ganar la presidencia requieren a Norma Otilia\u201d.<\/p>\n\n\n\n<p>Coment\u00f3 que Chilpancingo es la segunda ciudad m\u00e1s importante del estado, y que junto con Acapulco representa el 45 por ciento de la votaci\u00f3n en la entidad.<\/p>\n\n\n\n<p>De contar con esas plazas electorales, dijo que ya nada m\u00e1s buscar\u00edan su extra.<\/p>\n\n\n\n<p>A pregunta expresa, destac\u00f3 que son personas quienes traicionan los ideales, no el partido, porque las instituciones no son malas , \u201cmalos, son a aveces quienes los dirigen, esos son los que hacen que muchas veces haya desesperanza o des\u00e1nimo\u00bb.<\/p>\n\n\n\n<p>Aclar\u00f3 que Norma Otilia Hern\u00e1ndez por si misma ya tiene una marca pol\u00edtica, por lo que estableci\u00f3 un reto para sus compa\u00f1eros de partido y eventuales oponentes: \u201cVayan a cualquier lugar y me conocen por Norma Otilia, obviamente lo que le sume a Morena es algo que me impuls\u00f3 y que todos los d\u00edas lo tengo presente\u00bb.<\/p>\n\n\n\n<p>Reconoci\u00f3 que est\u00e1 inscrita como aspirante al Senado en el proceso interno de MORENA, aunque tambi\u00e9n revel\u00f3 que cuenta con un plan B, que ser\u00eda continuar con el proyecto municipal.<\/p>\n\n\n\n<p>Al respecto se\u00f1al\u00f3: \u201cNo lo descarto, pero esperaremos los tiempos, las mediciones y que sea el pueblo quien me ponga ah\u00ed. Estoy muy segura del trabajo que hemos desarrollado, muy segura, hasta ahorita considero que ghemos tenido much\u00edsimos avances. Y no lo digo yo, mis adversarios van a decir lo contrario, por supuesto, siempre, porque les conviene, pero vayan a las colonias y ver\u00e1n\u00bb.<\/p>\n\n\n\n<p>Aclar\u00f3 que trata de no ser presuntuosa y que los comentarios respecto a su posicionamiento pol\u00edtico los plantea \u201ccon toda humildad\u201d.<\/p>\n","protected":false},"excerpt":{"rendered":"<p>&#8212; De no consolidar la candidatura al Senado, analizar\u00eda ir por la reelecci\u00f3n en la capital del estado&#8212; Adem\u00e1s de tener su propia marca pol\u00edtica, la jefa de Cabildo recuerda&hellip; <\/p>\n","protected":false},"author":14,"featured_media":71178,"comment_status":"open","ping_status":"open","sticky":false,"template":"","format":"standard","meta":{"fifu_image_url":"","fifu_image_alt":"","footnotes":""},"categories":[21],"tags":[],"class_list":["post-71177","post","type-post","status-publish","format-standard","has-post-thumbnail","hentry","category-politica"],"_links":{"self":[{"href":"https:\/\/www.interaccionnoticias.com.mx\/index.php?rest_route=\/wp\/v2\/posts\/71177","targetHints":{"allow":["GET"]}}],"collection":[{"href":"https:\/\/www.interaccionnoticias.com.mx\/index.php?rest_route=\/wp\/v2\/posts"}],"about":[{"href":"https:\/\/www.interaccionnoticias.com.mx\/index.php?rest_route=\/wp\/v2\/types\/post"}],"author":[{"embeddable":true,"href":"https:\/\/www.interaccionnoticias.com.mx\/index.php?rest_route=\/wp\/v2\/users\/14"}],"replies":[{"embeddable":true,"href":"https:\/\/www.interaccionnoticias.com.mx\/index.php?rest_route=%2Fwp%2Fv2%2Fcomments&post=71177"}],"version-history":[{"count":1,"href":"https:\/\/www.interaccionnoticias.com.mx\/index.php?rest_route=\/wp\/v2\/posts\/71177\/revisions"}],"predecessor-version":[{"id":71179,"href":"https:\/\/www.interaccionnoticias.com.mx\/index.php?rest_route=\/wp\/v2\/posts\/71177\/revisions\/71179"}],"wp:featuredmedia":[{"embeddable":true,"href":"https:\/\/www.interaccionnoticias.com.mx\/index.php?rest_route=\/wp\/v2\/media\/71178"}],"wp:attachment":[{"href":"https:\/\/www.interaccionnoticias.com.mx\/index.php?rest_route=%2Fwp%2Fv2%2Fmedia&parent=71177"}],"wp:term":[{"taxonomy":"category","embeddable":true,"href":"https:\/\/www.interaccionnoticias.com.mx\/index.php?rest_route=%2Fwp%2Fv2%2Fcategories&post=71177"},{"taxonomy":"post_tag","embeddable":true,"href":"https:\/\/www.interaccionnoticias.com.mx\/index.php?rest_route=%2Fwp%2Fv2%2Ftags&post=71177"}],"curies":[{"name":"wp","href":"https:\/\/api.w.org\/{rel}","templated":true}]}}