{"id":71171,"date":"2023-11-21T13:51:24","date_gmt":"2023-11-21T19:51:24","guid":{"rendered":"https:\/\/interaccionnoticias.com.mx\/?p=71171"},"modified":"2023-11-21T13:51:27","modified_gmt":"2023-11-21T19:51:27","slug":"encabezara-el-pri-la-formula-de-senadores-del-fam-en-guerrero","status":"publish","type":"post","link":"https:\/\/www.interaccionnoticias.com.mx\/?p=71171","title":{"rendered":"Encabezar\u00e1 el PRI la f\u00f3rmula de senadores del FAM en Guerrero"},"content":{"rendered":"\n<p><strong><em>&#8212; El PRD se queda en la segunda posici\u00f3n pero encabezar\u00e1 cuatro de ocho distritos federales<br>&#8212; En el convenio del FAM, el PAN solo encabezar\u00e1 un distrito federal y ser\u00e1 el 7, el PRI va en el 1, 2 y 8<\/em><\/strong><\/p>\n\n\n\n<p><strong>Rogelio Agust\u00edn<\/strong><\/p>\n\n\n\n<p>El dirigente estatal del PRD, Alberto Catal\u00e1n Bastida confirm\u00f3 que la f\u00f3rmula de senadores del Frente Amplio por M\u00e9xico (FAM) en Guerrero estar\u00e1 encabezada por el PRI, en tanto que el del sol azteca jugar\u00e1 un papel protag\u00f3nico en cuatro de los ocho distritos federales que corresponden a esta entidad federativa.<\/p>\n\n\n\n<p>La noche del lunes 20 de noviembre, las dirigencias nacionales del PRI, PAN y PRD dieron a conocer que se hab\u00eda firmado el convenio de coalici\u00f3n para el Senado de la Rep\u00fablica, la C\u00e1mara de diputados federales y la presidencia de la Rep\u00fablica, teniendo como candidata a X\u00f3chilt Galvez Garc\u00eda.<\/p>\n\n\n\n<p>En el PRD de Guerrero hab\u00eda inconformidad por el hecho de que se le considerara en la segunda posici\u00f3n de la f\u00f3rmula de senadores y se le considerara como cabeza en solo dos de los ocho distritos que integran la entidad.<\/p>\n\n\n\n<p>Para la ma\u00f1ana del martes 21, el presidente del Comit\u00e9 Ejecutivo Estatal (CEE), Alberto Catal\u00e1n Bastida confirm\u00f3 que se hab\u00edan alcanzado acuerdos que posibilitaban la concreci\u00f3n de la alianza.<\/p>\n\n\n\n<p>\u201cSi se romp\u00eda la alianza en los distritos federales y las senadur\u00edas, pues iba a ser muy complicado ir a una contienda, en donde llevar\u00edamos una propuesta para la presidencia y otras diferentes para las c\u00e1maras\u201d, anot\u00f3.<br>En consecuencia, refiri\u00f3 que se trabaja para poder ir en un solo frente en las elecciones de presidentes municipales y diputados locales.<\/p>\n\n\n\n<p>Cada partido busca refrendar las posiciones que actualmente tienen, aunque tambi\u00e9n plantean ir a ganar otros que actualmente tiene el partido en el gobierno.<\/p>\n\n\n\n<p>Confirm\u00f3 que en relaci\u00f3n al Senado de la Rep\u00fablica, la primera posici\u00f3n ser\u00e1 registrada por el PRI, en tanto que al PRD le corresponde la segunda.<\/p>\n\n\n\n<p>\u201cVamos a esperar a la definici\u00f3n que tenga el PRI respecto a quien ser\u00e1 la propuesta para encabezar la primera f\u00f3rmula al Senado, nosotros estaremos discutiendo y analizando quien pudiera ser la propuesta para ir en la segunda f\u00f3rmula\u201d, destac\u00f3.<\/p>\n\n\n\n<p>En ese caso, reconoci\u00f3 que si el PRI registra var\u00f3n en la primera f\u00f3rmula, al PRD le corresponder\u00e1 registrar mujer y viceversa.<\/p>\n\n\n\n<p>Confirm\u00f3 tambi\u00e9n que en diputaciones federales el PRD encabezar\u00e1 los distritos 03, correspondiente a la Costa Grande; el 04 de Acapulco, 05 con cabecera en la Monta\u00f1a y el 06 con sede en Chilapa de Alvarez.<\/p>\n\n\n\n<p>El PRI lleva las candidaturas en los distritos 1, 2 y 8; con cabeceras en Tierra Caliente, Acapulco y Costa Chica, en tanto que el PAN encabezar\u00e1 la candidatura correspondiente al 07, cuya sede est\u00e1 en la capital del estado.<\/p>\n","protected":false},"excerpt":{"rendered":"<p>&#8212; El PRD se queda en la segunda posici\u00f3n pero encabezar\u00e1 cuatro de ocho distritos federales&#8212; En el convenio del FAM, el PAN solo encabezar\u00e1 un distrito federal y ser\u00e1&hellip; <\/p>\n","protected":false},"author":21,"featured_media":71172,"comment_status":"open","ping_status":"open","sticky":false,"template":"","format":"standard","meta":{"fifu_image_url":"","fifu_image_alt":"","footnotes":""},"categories":[21],"tags":[],"class_list":["post-71171","post","type-post","status-publish","format-standard","has-post-thumbnail","hentry","category-politica"],"_links":{"self":[{"href":"https:\/\/www.interaccionnoticias.com.mx\/index.php?rest_route=\/wp\/v2\/posts\/71171","targetHints":{"allow":["GET"]}}],"collection":[{"href":"https:\/\/www.interaccionnoticias.com.mx\/index.php?rest_route=\/wp\/v2\/posts"}],"about":[{"href":"https:\/\/www.interaccionnoticias.com.mx\/index.php?rest_route=\/wp\/v2\/types\/post"}],"author":[{"embeddable":true,"href":"https:\/\/www.interaccionnoticias.com.mx\/index.php?rest_route=\/wp\/v2\/users\/21"}],"replies":[{"embeddable":true,"href":"https:\/\/www.interaccionnoticias.com.mx\/index.php?rest_route=%2Fwp%2Fv2%2Fcomments&post=71171"}],"version-history":[{"count":1,"href":"https:\/\/www.interaccionnoticias.com.mx\/index.php?rest_route=\/wp\/v2\/posts\/71171\/revisions"}],"predecessor-version":[{"id":71173,"href":"https:\/\/www.interaccionnoticias.com.mx\/index.php?rest_route=\/wp\/v2\/posts\/71171\/revisions\/71173"}],"wp:featuredmedia":[{"embeddable":true,"href":"https:\/\/www.interaccionnoticias.com.mx\/index.php?rest_route=\/wp\/v2\/media\/71172"}],"wp:attachment":[{"href":"https:\/\/www.interaccionnoticias.com.mx\/index.php?rest_route=%2Fwp%2Fv2%2Fmedia&parent=71171"}],"wp:term":[{"taxonomy":"category","embeddable":true,"href":"https:\/\/www.interaccionnoticias.com.mx\/index.php?rest_route=%2Fwp%2Fv2%2Fcategories&post=71171"},{"taxonomy":"post_tag","embeddable":true,"href":"https:\/\/www.interaccionnoticias.com.mx\/index.php?rest_route=%2Fwp%2Fv2%2Ftags&post=71171"}],"curies":[{"name":"wp","href":"https:\/\/api.w.org\/{rel}","templated":true}]}}