{"id":71167,"date":"2023-11-20T22:05:21","date_gmt":"2023-11-21T04:05:21","guid":{"rendered":"https:\/\/interaccionnoticias.com.mx\/?p=71167"},"modified":"2023-11-20T22:05:24","modified_gmt":"2023-11-21T04:05:24","slug":"ninos-de-preescolar-rinden-homenaje-a-trabajadores-de-la-cfe-medicos-y-brigadistas-que-trabajan-en-la-reconstruccion-de-acapulco","status":"publish","type":"post","link":"https:\/\/www.interaccionnoticias.com.mx\/?p=71167","title":{"rendered":"Ni\u00f1os de preescolar rinden homenaje a trabajadores de la CFE, m\u00e9dicos y brigadistas que trabajan en la reconstrucci\u00f3n de Acapulco"},"content":{"rendered":"\n<p><strong><em>&#8212; En El Ocotito, el desfile alusivo a la Revoluci\u00f3n Mexicana tuvo como tem\u00e1tica la solidaridad con los damnificados del hurac\u00e1n Otis<\/em><\/strong><\/p>\n\n\n\n<p><strong>Yasm\u00edn Garc\u00eda Chino<\/strong><\/p>\n\n\n\n<p>Chilpancingo, 20 de noviembre 2023.- El Jard\u00edn de Ni\u00f1os Gabriela Mistral, ubicado en el poblado del Ocotito, municipio de Chilpancingo rindi\u00f3 un homenaje a los trabajadores de la Comisi\u00f3n Federal de Electricidad (CFE) trabajadores del sector Salud, as\u00ed como a todos los brigadistas que trabajan en la recuperaci\u00f3n del puerto de Acapulco y el municipio de Coyuca de Ben\u00edtez, tras el paso del hurac\u00e1n Otis.<\/p>\n\n\n\n<p>El primer contingente lo encabezaron ni\u00f1as y ni\u00f1os venidos con el uniforme de la CFE, en el segundo, sus compa\u00f1eritos portaron uniformes de enfermeras y m\u00e9dicos, como muestra de respeto y solidaridad con las poblaci\u00f3n afectada por el fen\u00f3meno natural.<\/p>\n\n\n\n<p>Luis Felipe Alcaraz Salazar, trabajador administrativo del jard\u00edn de ni\u00f1os de referencia, explic\u00f3 que la iniciativa de que la tem\u00e1tica del desfile conmemorativo al CXlll aniversario de la Revoluci\u00f3n Mexicana estuviera basada en el puerto de Acapulco, surgi\u00f3 en primer lugar como una muestra de solidaridad con las familias que lo perdieron todo, pero tambi\u00e9n por la necesidad de reconocer a quienes han estado apoyando en el proceso de recuperaci\u00f3n.<\/p>\n\n\n\n<p>\u201cComo muestra de apoyo y respeto a la situaci\u00f3n que est\u00e1n pasando nuestros hermanos acapulque\u00f1os, podemos aportar un granito de arena animando a toda esa gente que ahora est\u00e1 pasando momentos cr\u00edticos, darles un poquito de esperanza un rayito de luz con la inocencia de los ni\u00f1os,tambi\u00e9n estamos reconociendo a los trabajadores que est\u00e1n haciendo lo necesario para que Acapulco vuelva a brillar\u201d, dijo el trabajador.<\/p>\n\n\n\n<p>El jard\u00edn de ni\u00f1os tiene una matr\u00edcula de 150 alumnos, se caracteriza por participar recurrentemente en actividades acad\u00e9micas y c\u00edvicas en dicha localidad, ubicada en la regi\u00f3n Centro de Guerrero.<\/p>\n\n\n\n<div class=\"wp-block-jetpack-slideshow aligncenter\" data-effect=\"slide\"><div class=\"wp-block-jetpack-slideshow_container swiper-container\"><ul class=\"wp-block-jetpack-slideshow_swiper-wrapper swiper-wrapper\"><li class=\"wp-block-jetpack-slideshow_slide swiper-slide\"><figure><img decoding=\"async\" src=\"data:image\/gif;base64,R0lGODlhAQABAIAAAAAAAP\/\/\/ywAAAAAAQABAAACAUwAOw==\" fifu-lazy=\"1\" fifu-data-sizes=\"auto\" fifu-data-srcset=\"https:\/\/i2.wp.com\/interaccionnoticias.com.mx\/wp-content\/uploads\/2023\/11\/231120-rinden-homenaje-2-1024x683.jpg?ssl=1&w=75&resize=75&ssl=1 75w, https:\/\/i2.wp.com\/interaccionnoticias.com.mx\/wp-content\/uploads\/2023\/11\/231120-rinden-homenaje-2-1024x683.jpg?ssl=1&w=100&resize=100&ssl=1 100w, https:\/\/i2.wp.com\/interaccionnoticias.com.mx\/wp-content\/uploads\/2023\/11\/231120-rinden-homenaje-2-1024x683.jpg?ssl=1&w=150&resize=150&ssl=1 150w, https:\/\/i2.wp.com\/interaccionnoticias.com.mx\/wp-content\/uploads\/2023\/11\/231120-rinden-homenaje-2-1024x683.jpg?ssl=1&w=240&resize=240&ssl=1 240w, https:\/\/i2.wp.com\/interaccionnoticias.com.mx\/wp-content\/uploads\/2023\/11\/231120-rinden-homenaje-2-1024x683.jpg?ssl=1&w=320&resize=320&ssl=1 320w, https:\/\/i2.wp.com\/interaccionnoticias.com.mx\/wp-content\/uploads\/2023\/11\/231120-rinden-homenaje-2-1024x683.jpg?ssl=1&w=500&resize=500&ssl=1 500w, https:\/\/i2.wp.com\/interaccionnoticias.com.mx\/wp-content\/uploads\/2023\/11\/231120-rinden-homenaje-2-1024x683.jpg?ssl=1&w=640&resize=640&ssl=1 640w, https:\/\/i2.wp.com\/interaccionnoticias.com.mx\/wp-content\/uploads\/2023\/11\/231120-rinden-homenaje-2-1024x683.jpg?ssl=1&w=800&resize=800&ssl=1 800w, https:\/\/i2.wp.com\/interaccionnoticias.com.mx\/wp-content\/uploads\/2023\/11\/231120-rinden-homenaje-2-1024x683.jpg?ssl=1&w=1024&resize=1024&ssl=1 1024w, https:\/\/i2.wp.com\/interaccionnoticias.com.mx\/wp-content\/uploads\/2023\/11\/231120-rinden-homenaje-2-1024x683.jpg?ssl=1&w=1280&resize=1280&ssl=1 1280w, https:\/\/i2.wp.com\/interaccionnoticias.com.mx\/wp-content\/uploads\/2023\/11\/231120-rinden-homenaje-2-1024x683.jpg?ssl=1&w=1600&resize=1600&ssl=1 1600w\" alt=\"\" class=\"wp-block-jetpack-slideshow_image wp-image-71169\" data-id=\"71169\" fifu-data-src=\"https:\/\/i2.wp.com\/interaccionnoticias.com.mx\/wp-content\/uploads\/2023\/11\/231120-rinden-homenaje-2-1024x683.jpg?ssl=1\"\/><\/figure><\/li><li class=\"wp-block-jetpack-slideshow_slide swiper-slide\"><figure><img decoding=\"async\" src=\"data:image\/gif;base64,R0lGODlhAQABAIAAAAAAAP\/\/\/ywAAAAAAQABAAACAUwAOw==\" fifu-lazy=\"1\" fifu-data-sizes=\"auto\" fifu-data-srcset=\"https:\/\/i1.wp.com\/interaccionnoticias.com.mx\/wp-content\/uploads\/2023\/11\/231120-rinden-homenaje-1-1024x683.jpg?ssl=1&w=75&resize=75&ssl=1 75w, https:\/\/i1.wp.com\/interaccionnoticias.com.mx\/wp-content\/uploads\/2023\/11\/231120-rinden-homenaje-1-1024x683.jpg?ssl=1&w=100&resize=100&ssl=1 100w, https:\/\/i1.wp.com\/interaccionnoticias.com.mx\/wp-content\/uploads\/2023\/11\/231120-rinden-homenaje-1-1024x683.jpg?ssl=1&w=150&resize=150&ssl=1 150w, https:\/\/i1.wp.com\/interaccionnoticias.com.mx\/wp-content\/uploads\/2023\/11\/231120-rinden-homenaje-1-1024x683.jpg?ssl=1&w=240&resize=240&ssl=1 240w, https:\/\/i1.wp.com\/interaccionnoticias.com.mx\/wp-content\/uploads\/2023\/11\/231120-rinden-homenaje-1-1024x683.jpg?ssl=1&w=320&resize=320&ssl=1 320w, https:\/\/i1.wp.com\/interaccionnoticias.com.mx\/wp-content\/uploads\/2023\/11\/231120-rinden-homenaje-1-1024x683.jpg?ssl=1&w=500&resize=500&ssl=1 500w, https:\/\/i1.wp.com\/interaccionnoticias.com.mx\/wp-content\/uploads\/2023\/11\/231120-rinden-homenaje-1-1024x683.jpg?ssl=1&w=640&resize=640&ssl=1 640w, https:\/\/i1.wp.com\/interaccionnoticias.com.mx\/wp-content\/uploads\/2023\/11\/231120-rinden-homenaje-1-1024x683.jpg?ssl=1&w=800&resize=800&ssl=1 800w, https:\/\/i1.wp.com\/interaccionnoticias.com.mx\/wp-content\/uploads\/2023\/11\/231120-rinden-homenaje-1-1024x683.jpg?ssl=1&w=1024&resize=1024&ssl=1 1024w, https:\/\/i1.wp.com\/interaccionnoticias.com.mx\/wp-content\/uploads\/2023\/11\/231120-rinden-homenaje-1-1024x683.jpg?ssl=1&w=1280&resize=1280&ssl=1 1280w, https:\/\/i1.wp.com\/interaccionnoticias.com.mx\/wp-content\/uploads\/2023\/11\/231120-rinden-homenaje-1-1024x683.jpg?ssl=1&w=1600&resize=1600&ssl=1 1600w\" alt=\"\" class=\"wp-block-jetpack-slideshow_image wp-image-71168\" data-id=\"71168\" fifu-data-src=\"https:\/\/i1.wp.com\/interaccionnoticias.com.mx\/wp-content\/uploads\/2023\/11\/231120-rinden-homenaje-1-1024x683.jpg?ssl=1\"\/><\/figure><\/li><\/ul><a class=\"wp-block-jetpack-slideshow_button-prev swiper-button-prev swiper-button-white\" role=\"button\"><\/a><a class=\"wp-block-jetpack-slideshow_button-next swiper-button-next swiper-button-white\" role=\"button\"><\/a><a aria-label=\"Pause Slideshow\" class=\"wp-block-jetpack-slideshow_button-pause\" role=\"button\"><\/a><div class=\"wp-block-jetpack-slideshow_pagination swiper-pagination swiper-pagination-white\"><\/div><\/div><\/div>\n","protected":false},"excerpt":{"rendered":"<p>&#8212; En El Ocotito, el desfile alusivo a la Revoluci\u00f3n Mexicana tuvo como tem\u00e1tica la solidaridad con los damnificados del hurac\u00e1n Otis Yasm\u00edn Garc\u00eda Chino Chilpancingo, 20 de noviembre 2023.-&hellip; <\/p>\n","protected":false},"author":32,"featured_media":71168,"comment_status":"open","ping_status":"open","sticky":false,"template":"","format":"standard","meta":{"fifu_image_url":"","fifu_image_alt":"","footnotes":""},"categories":[29],"tags":[],"class_list":["post-71167","post","type-post","status-publish","format-standard","has-post-thumbnail","hentry","category-sociedad"],"_links":{"self":[{"href":"https:\/\/www.interaccionnoticias.com.mx\/index.php?rest_route=\/wp\/v2\/posts\/71167","targetHints":{"allow":["GET"]}}],"collection":[{"href":"https:\/\/www.interaccionnoticias.com.mx\/index.php?rest_route=\/wp\/v2\/posts"}],"about":[{"href":"https:\/\/www.interaccionnoticias.com.mx\/index.php?rest_route=\/wp\/v2\/types\/post"}],"author":[{"embeddable":true,"href":"https:\/\/www.interaccionnoticias.com.mx\/index.php?rest_route=\/wp\/v2\/users\/32"}],"replies":[{"embeddable":true,"href":"https:\/\/www.interaccionnoticias.com.mx\/index.php?rest_route=%2Fwp%2Fv2%2Fcomments&post=71167"}],"version-history":[{"count":1,"href":"https:\/\/www.interaccionnoticias.com.mx\/index.php?rest_route=\/wp\/v2\/posts\/71167\/revisions"}],"predecessor-version":[{"id":71170,"href":"https:\/\/www.interaccionnoticias.com.mx\/index.php?rest_route=\/wp\/v2\/posts\/71167\/revisions\/71170"}],"wp:featuredmedia":[{"embeddable":true,"href":"https:\/\/www.interaccionnoticias.com.mx\/index.php?rest_route=\/wp\/v2\/media\/71168"}],"wp:attachment":[{"href":"https:\/\/www.interaccionnoticias.com.mx\/index.php?rest_route=%2Fwp%2Fv2%2Fmedia&parent=71167"}],"wp:term":[{"taxonomy":"category","embeddable":true,"href":"https:\/\/www.interaccionnoticias.com.mx\/index.php?rest_route=%2Fwp%2Fv2%2Fcategories&post=71167"},{"taxonomy":"post_tag","embeddable":true,"href":"https:\/\/www.interaccionnoticias.com.mx\/index.php?rest_route=%2Fwp%2Fv2%2Ftags&post=71167"}],"curies":[{"name":"wp","href":"https:\/\/api.w.org\/{rel}","templated":true}]}}