{"id":71158,"date":"2023-11-20T21:52:35","date_gmt":"2023-11-21T03:52:35","guid":{"rendered":"https:\/\/interaccionnoticias.com.mx\/?p=71158"},"modified":"2023-11-20T21:52:38","modified_gmt":"2023-11-21T03:52:38","slug":"la-alianza-nacional-del-frente-amplio-por-mexico-se-va-a-concretar","status":"publish","type":"post","link":"https:\/\/www.interaccionnoticias.com.mx\/?p=71158","title":{"rendered":"La alianza nacional del Frente Amplio por M\u00e9xico se va a concretar"},"content":{"rendered":"\n<p><strong>Rosario Garc\u00eda Orozco<\/strong><\/p>\n\n\n\n<p><strong>Chilpancingo, Gro., 20 de noviembre del 2023.-<\/strong> La alianza nacional del Frente Amplio por M\u00e9xico se va a concretar, confi\u00f3 el dirigente estatal del Partido Revolucionario Institucional (PRI), Alejandro Bravo Abarca.<\/p>\n\n\n\n<p>El priista se dijo a favor de que se mantenga la alianza a nivel nacional, pero tambi\u00e9n a nivel estatal, \u00abnosotros definitivamente estamos a favor de la alianza, consideramos que con los partidos locales podemos encontrar coincidencias y obviamente como existe la figura de ir en alianza parcial es simple: donde no haya acuerdos, pues nos vamos cada quien por su lado\u00bb.<\/p>\n\n\n\n<p>Dijo que en los distritos locales y municipios donde el PRD tenga importante presencia, y donde haya fortaleza por parte del PAN ser\u00e1n esos partidos los que encabecen la alianza, \u00ablo que siempre he dicho y sigo sosteniendo es que tenemos que irnos con candidatas y candidatos competitivos, porque este no es un asunto de partidos pol\u00edticos solamente, esta nueva forma de hacer pol\u00edtica con la creaci\u00f3n del Frente Amplio por M\u00e9xico incluye y toma en cuenta a las propuestas de la sociedad civil\u00bb.<\/p>\n\n\n\n<p>Agreg\u00f3 que la participaci\u00f3n de la sociedad civil en el Frente Amplio por M\u00e9xico le ha dado \u00abun cambio vertiginoso a la forma tradicional a la que est\u00e1bamos acostumbrados a hacer pol\u00edtica, por ello tambi\u00e9n pueden surgir candidatos o candidatas de la sociedad civil, pero insisto, Xochiltl G\u00e1lvez, la representante de esta alianza, sali\u00f3 de un proceso de medici\u00f3n, entonces debemos irnos con las o los m\u00e1s competitivos, deben medirse y no con las encuestadoras que sabemos est\u00e1n compradas y en los \u00faltimos procesos no le han atinado, que sea con las m\u00e1s serias, y donde nos pongamos de acuerdo v\u00e1monos para adelante\u00bb.<\/p>\n\n\n\n<p>Dijo que tambi\u00e9n donde haya dos o m\u00e1s aspirantes, que se midan, y que con toda la madurez y responsabilidad se busque mantener los espacios que se tienen y recuperar los que se han perdido.<\/p>\n\n\n\n<p>Bravo Abarca expres\u00f3 que en todos los procesos hay desacuerdos, y conf\u00ed\u00f3 en que en los acuerdos para las candidaturas tanto federales como locales \u00abimpere la madurez y la responsabilidad de las y los compa\u00f1eros sobre las coincidencias y haga a un lado las diferencias\u00bb.<\/p>\n","protected":false},"excerpt":{"rendered":"<p>Rosario Garc\u00eda Orozco Chilpancingo, Gro., 20 de noviembre del 2023.- La alianza nacional del Frente Amplio por M\u00e9xico se va a concretar, confi\u00f3 el dirigente estatal del Partido Revolucionario Institucional&hellip; <\/p>\n","protected":false},"author":14,"featured_media":71159,"comment_status":"open","ping_status":"open","sticky":false,"template":"","format":"standard","meta":{"fifu_image_url":"","fifu_image_alt":"","footnotes":""},"categories":[21],"tags":[],"class_list":["post-71158","post","type-post","status-publish","format-standard","has-post-thumbnail","hentry","category-politica"],"_links":{"self":[{"href":"https:\/\/www.interaccionnoticias.com.mx\/index.php?rest_route=\/wp\/v2\/posts\/71158","targetHints":{"allow":["GET"]}}],"collection":[{"href":"https:\/\/www.interaccionnoticias.com.mx\/index.php?rest_route=\/wp\/v2\/posts"}],"about":[{"href":"https:\/\/www.interaccionnoticias.com.mx\/index.php?rest_route=\/wp\/v2\/types\/post"}],"author":[{"embeddable":true,"href":"https:\/\/www.interaccionnoticias.com.mx\/index.php?rest_route=\/wp\/v2\/users\/14"}],"replies":[{"embeddable":true,"href":"https:\/\/www.interaccionnoticias.com.mx\/index.php?rest_route=%2Fwp%2Fv2%2Fcomments&post=71158"}],"version-history":[{"count":1,"href":"https:\/\/www.interaccionnoticias.com.mx\/index.php?rest_route=\/wp\/v2\/posts\/71158\/revisions"}],"predecessor-version":[{"id":71160,"href":"https:\/\/www.interaccionnoticias.com.mx\/index.php?rest_route=\/wp\/v2\/posts\/71158\/revisions\/71160"}],"wp:featuredmedia":[{"embeddable":true,"href":"https:\/\/www.interaccionnoticias.com.mx\/index.php?rest_route=\/wp\/v2\/media\/71159"}],"wp:attachment":[{"href":"https:\/\/www.interaccionnoticias.com.mx\/index.php?rest_route=%2Fwp%2Fv2%2Fmedia&parent=71158"}],"wp:term":[{"taxonomy":"category","embeddable":true,"href":"https:\/\/www.interaccionnoticias.com.mx\/index.php?rest_route=%2Fwp%2Fv2%2Fcategories&post=71158"},{"taxonomy":"post_tag","embeddable":true,"href":"https:\/\/www.interaccionnoticias.com.mx\/index.php?rest_route=%2Fwp%2Fv2%2Ftags&post=71158"}],"curies":[{"name":"wp","href":"https:\/\/api.w.org\/{rel}","templated":true}]}}