{"id":71152,"date":"2023-11-20T17:02:46","date_gmt":"2023-11-20T23:02:46","guid":{"rendered":"https:\/\/interaccionnoticias.com.mx\/?p=71152"},"modified":"2023-11-20T17:02:49","modified_gmt":"2023-11-20T23:02:49","slug":"prd-guerrero-analiza-la-posibilidad-de-romper-la-alianza-con-el-pan-y-el-pri-en-la-eleccion-de-diputados-federales-y-senadores","status":"publish","type":"post","link":"https:\/\/www.interaccionnoticias.com.mx\/?p=71152","title":{"rendered":"PRD-Guerrero analiza la posibilidad de romper la alianza con el PAN y el PRI en la elecci\u00f3n de diputados federales y senadores"},"content":{"rendered":"\n<p><strong><em>&#8212; Se mantendr\u00edan en el proyecto de X\u00f3chilt G\u00e1lvez, pero se mantendr\u00edan en contra de una imposici\u00f3n<br>&#8212; Las posiciones en Guerrero son claves para mantener el registro a nivel nacional, se\u00f1ala el dirigente Alberto Catal\u00e1n Bastida<\/em><\/strong><\/p>\n\n\n\n<p><strong>Rogelio Agust\u00edn<\/strong><\/p>\n\n\n\n<p>La dirigencia estatal del PRD-Guerrero considera vital para mantener el registro nacional, que en la coalici\u00f3n con el PRI y PAN se respete la representaci\u00f3n que el sol azteca tiene en Guerrero, lo que pasa por respetar la primera posici\u00f3n en la f\u00f3rmula de senadores y la postulaci\u00f3n en los distritos federales donde tiene posibilidades de ganar.<\/p>\n\n\n\n<p>Alberto Catal\u00e1n Bastida, presidente del Comit\u00e9 Ejecutivo Estatal (CEE) del PRD, reconoci\u00f3 que existen liderazgos importantes, que durante el fin de semana pasado plantearon romper la alianza con el PRI y el PAN en lo que se refiere a la elecci\u00f3n de senadores y diputados federales.<\/p>\n\n\n\n<p>Indic\u00f3 que hay la convicci\u00f3n de mantenerse en la postura de respaldar a Xochilt G\u00e1lvez como abanderada a la presidencia de la Rep\u00fablica, pero destac\u00f3 que se requiere de mayor respeto a la fuerza que tiene el partido del sol azteca en la entidad.<\/p>\n\n\n\n<p>De acuerdo con lo que se ha comentado a nivel nacional en la mesa de candidaturas, para el PRD se estaba considerando solo la segunda posici\u00f3n en la f\u00f3rmula de senadores de mayor\u00eda relativa, en tanto que de los ocho distritos federales que van a estar en disputa, solamente se les considera respetar el 03 correspondiente a Costa Grande y el 06, con cabecera en la Monta\u00f1a baja, el cual el sol azteca gan\u00f3 en los comicios de 2021.<\/p>\n\n\n\n<p>Para el dirigente estatal del PRD, es v\u00e1lida la postura de dirigentes locales como Bernardo Ortega Jim\u00e9nez, diputado local y l\u00edder del Movimiento Alternativa Social (MAS), porque Guerrero es el estado en donde mayor presencia tiene el PRD como instituto pol\u00edtico.<\/p>\n\n\n\n<p>Bajo dicha circunstancia, es Guerrero uno de los estados dond el del sol azteca puede generar una votaci\u00f3n que influya en el \u00e1mbito nacional para permitirle mantener su registro nacional.<\/p>\n\n\n\n<p>Por esa raz\u00f3n, dijo que en el caso de Guerrero hay mucha expectativa respecto a lo que se defina a nivel nacional.<\/p>\n\n\n\n<p>Aunque reconoci\u00f3 que puede ser muy complicado ir en una alianza por la presidencia de la rep\u00fablica, pero separados en lo que se refiere al Senado y los distritos electorales federales, para muchos militantes y dirigentes puede ser la mejor opci\u00f3n, porque si no superan el tema de la imposici\u00f3n, el \u00e1nimo de ir al proceso electoral con candidatos que no los representan va a tener un impacto negativo.<\/p>\n","protected":false},"excerpt":{"rendered":"<p>&#8212; Se mantendr\u00edan en el proyecto de X\u00f3chilt G\u00e1lvez, pero se mantendr\u00edan en contra de una imposici\u00f3n&#8212; Las posiciones en Guerrero son claves para mantener el registro a nivel nacional,&hellip; <\/p>\n","protected":false},"author":21,"featured_media":71153,"comment_status":"open","ping_status":"open","sticky":false,"template":"","format":"standard","meta":{"fifu_image_url":"","fifu_image_alt":"","footnotes":""},"categories":[21],"tags":[],"class_list":["post-71152","post","type-post","status-publish","format-standard","has-post-thumbnail","hentry","category-politica"],"_links":{"self":[{"href":"https:\/\/www.interaccionnoticias.com.mx\/index.php?rest_route=\/wp\/v2\/posts\/71152","targetHints":{"allow":["GET"]}}],"collection":[{"href":"https:\/\/www.interaccionnoticias.com.mx\/index.php?rest_route=\/wp\/v2\/posts"}],"about":[{"href":"https:\/\/www.interaccionnoticias.com.mx\/index.php?rest_route=\/wp\/v2\/types\/post"}],"author":[{"embeddable":true,"href":"https:\/\/www.interaccionnoticias.com.mx\/index.php?rest_route=\/wp\/v2\/users\/21"}],"replies":[{"embeddable":true,"href":"https:\/\/www.interaccionnoticias.com.mx\/index.php?rest_route=%2Fwp%2Fv2%2Fcomments&post=71152"}],"version-history":[{"count":1,"href":"https:\/\/www.interaccionnoticias.com.mx\/index.php?rest_route=\/wp\/v2\/posts\/71152\/revisions"}],"predecessor-version":[{"id":71154,"href":"https:\/\/www.interaccionnoticias.com.mx\/index.php?rest_route=\/wp\/v2\/posts\/71152\/revisions\/71154"}],"wp:featuredmedia":[{"embeddable":true,"href":"https:\/\/www.interaccionnoticias.com.mx\/index.php?rest_route=\/wp\/v2\/media\/71153"}],"wp:attachment":[{"href":"https:\/\/www.interaccionnoticias.com.mx\/index.php?rest_route=%2Fwp%2Fv2%2Fmedia&parent=71152"}],"wp:term":[{"taxonomy":"category","embeddable":true,"href":"https:\/\/www.interaccionnoticias.com.mx\/index.php?rest_route=%2Fwp%2Fv2%2Fcategories&post=71152"},{"taxonomy":"post_tag","embeddable":true,"href":"https:\/\/www.interaccionnoticias.com.mx\/index.php?rest_route=%2Fwp%2Fv2%2Ftags&post=71152"}],"curies":[{"name":"wp","href":"https:\/\/api.w.org\/{rel}","templated":true}]}}