{"id":71149,"date":"2023-11-20T16:58:51","date_gmt":"2023-11-20T22:58:51","guid":{"rendered":"https:\/\/interaccionnoticias.com.mx\/?p=71149"},"modified":"2023-11-20T16:58:53","modified_gmt":"2023-11-20T22:58:53","slug":"gloria-tiene-16-anos-buscando-a-su-hijo-y-15-anos-buscando-a-su-hermano-victimas-de-desaparicion-forzada","status":"publish","type":"post","link":"https:\/\/www.interaccionnoticias.com.mx\/?p=71149","title":{"rendered":"Gloria tiene 16 a\u00f1os buscando a su hijo y 15 a\u00f1os buscando a su hermano, v\u00edctimas de desaparici\u00f3n forzada"},"content":{"rendered":"\n<p><strong><em>&#8212; Las autoridades extraviaron el expediente de su hijo y el de su hermano sigue sin ning\u00fan avance en la investigaci\u00f3n<\/em><\/strong><\/p>\n\n\n\n<p><strong>Yasm\u00edn Garc\u00eda Chino<br>Fotograf\u00eda cortes\u00eda Oscar Guerrero<\/strong><\/p>\n\n\n\n<p>Gloria Maganda Hern\u00e1ndez busca a su hijo y a su hermano desaparecidos en el municipio de Acapulco, Pablo C\u00e9sar Maganda Hern\u00e1ndez y Armando Maganda Hern\u00e1ndez, respectivamente.<\/p>\n\n\n\n<p>Pablo C\u00e9sar Maganda fue desaparecido el siete de julio del 2007, en Barra Vieja, Acapulco, era taxista, su unidad apareci\u00f3 en una huerta de cocos sobre el Boulevard. Ten\u00eda 17 a\u00f1os de edad, y dos meses de haber regresado de Estados Unidos para llevarse a su esposa embarazada y a su hijo de tres a\u00f1os con \u00e9l.<\/p>\n\n\n\n<p>Mientras llegaba la fecha de su regreso se emple\u00f3 en el transporte p\u00fablico. Su mam\u00e1, Gloria Maganda, se qued\u00f3 en aquel pa\u00eds donde emigran millones de mexicanos en busca de una mejor calidad de vida.<\/p>\n\n\n\n<p>Cuando le avisaron que su hijo no hab\u00eda llegado a su hogar, tom\u00f3 un avi\u00f3n de regreso a M\u00e9xico, para buscarlo.<\/p>\n\n\n\n<p>Seis meses despu\u00e9s de la desaparici\u00f3n de su hijo, su hermano Armando Maganda, quien tambi\u00e9n era taxista fue privado de su libertad por buscar a su sobrino.<\/p>\n\n\n\n<p>Gloria acudi\u00f3 al Ministerio P\u00fablico, sector Costa Azul a interponer la denuncia de la desaparici\u00f3n de su hijo en julio del 2007 y la de su hermano en enero del 2008.<\/p>\n\n\n\n<p>Durante los cinco meses despu\u00e9s de interponer la denuncia de su hijo, en el Ministerio P\u00fablico no le presentaron avances sobre la carpeta de investigaci\u00f3n, en el 2008 le dijeron que no exist\u00eda ning\u00fan expediente de la denuncia de desaparici\u00f3n de su hijo.<\/p>\n\n\n\n<p>\u201cEn Acapulco me dijeron que no ten\u00edan el expediente que ya lo hab\u00edan enviado a Chilpancingo, en donde me dijeron que no hab\u00eda ning\u00fan expediente, iba diario a preguntar incluso me cerraban la puerta en la cara, en la fiscal\u00eda me dijeron que estaban ocupados en otras cosas\u201d, recrimin\u00f3 do\u00f1a Gloria.<\/p>\n\n\n\n<p>Han pasado 16 a\u00f1os de la desaparici\u00f3n de su hijo y de su paradero no sabe nada. Sus hijos, preguntan por \u00e9l, su peque\u00f1o que ten\u00eda tres a\u00f1os cuando desapareci\u00f3 ahora tiene 19 y su hija que en ese entonces no nac\u00eda tiene 15.<\/p>\n\n\n\n<p>\u201cSus hijos han sufrido mucho, apenas me fueron a visitar el ni\u00f1o me dijo que, s\u00ed ten\u00eda ropa de su pap\u00e1 que se la diera para que el la tuviera como un recuerdo, su hermanita me pregunto que s\u00ed su pap\u00e1 no la quer\u00eda porque no est\u00e1 con ellos, cuando nos matan o desaparecen a un hijo matan a una madre a unos hijos a una familia\u201d, lament\u00f3 Gloria.<\/p>\n\n\n\n<p>El expediente de su hermano s\u00ed est\u00e1 en los archivos de la Fiscal\u00eda General del Estado (FGE), pero sin ning\u00fan avance en la investigaci\u00f3n, tampoco existe alg\u00fan antecedente que lo vincul\u00e9 con la desaparici\u00f3n de su hijo, cuando su desaparici\u00f3n fue por buscarlo, de acuerdo con Gloria.<\/p>\n\n\n\n<p>Do\u00f1a Gloria fue desplazada de Acapulco, ahora vive en otro lugar que por seguridad no pudo revelar, en el 2007 no exist\u00edan los colectivos de madres buscadoras, hace apenas algunos d\u00edas se dio cuenta que existe el Colectivo, Memoria, Verdad, Justicia, al cual se sum\u00f3 para continuar con la b\u00fasqueda de su hijo y hermano, asimismo exigir a las autoridades que realicen su trabajo.<\/p>\n\n\n\n<p>\u201cYo me hice las pruebas de ADN porque las autoridades hab\u00edan encontrado unos cuerpos en aquella \u00e9poca (2007-2008) pero nunca me dijeron si fue positivo o negativo, me ignoraron totalmente, lo que yo quiero es encontrar a mi hijo y ami hermano, que se implementen b\u00fasquedas \u201d, exigi\u00f3 Gloria Maganda.<\/p>\n","protected":false},"excerpt":{"rendered":"<p>&#8212; Las autoridades extraviaron el expediente de su hijo y el de su hermano sigue sin ning\u00fan avance en la investigaci\u00f3n Yasm\u00edn Garc\u00eda ChinoFotograf\u00eda cortes\u00eda Oscar Guerrero Gloria Maganda Hern\u00e1ndez&hellip; <\/p>\n","protected":false},"author":32,"featured_media":71150,"comment_status":"open","ping_status":"open","sticky":false,"template":"","format":"standard","meta":{"fifu_image_url":"","fifu_image_alt":"","footnotes":""},"categories":[29],"tags":[],"class_list":["post-71149","post","type-post","status-publish","format-standard","has-post-thumbnail","hentry","category-sociedad"],"_links":{"self":[{"href":"https:\/\/www.interaccionnoticias.com.mx\/index.php?rest_route=\/wp\/v2\/posts\/71149","targetHints":{"allow":["GET"]}}],"collection":[{"href":"https:\/\/www.interaccionnoticias.com.mx\/index.php?rest_route=\/wp\/v2\/posts"}],"about":[{"href":"https:\/\/www.interaccionnoticias.com.mx\/index.php?rest_route=\/wp\/v2\/types\/post"}],"author":[{"embeddable":true,"href":"https:\/\/www.interaccionnoticias.com.mx\/index.php?rest_route=\/wp\/v2\/users\/32"}],"replies":[{"embeddable":true,"href":"https:\/\/www.interaccionnoticias.com.mx\/index.php?rest_route=%2Fwp%2Fv2%2Fcomments&post=71149"}],"version-history":[{"count":1,"href":"https:\/\/www.interaccionnoticias.com.mx\/index.php?rest_route=\/wp\/v2\/posts\/71149\/revisions"}],"predecessor-version":[{"id":71151,"href":"https:\/\/www.interaccionnoticias.com.mx\/index.php?rest_route=\/wp\/v2\/posts\/71149\/revisions\/71151"}],"wp:featuredmedia":[{"embeddable":true,"href":"https:\/\/www.interaccionnoticias.com.mx\/index.php?rest_route=\/wp\/v2\/media\/71150"}],"wp:attachment":[{"href":"https:\/\/www.interaccionnoticias.com.mx\/index.php?rest_route=%2Fwp%2Fv2%2Fmedia&parent=71149"}],"wp:term":[{"taxonomy":"category","embeddable":true,"href":"https:\/\/www.interaccionnoticias.com.mx\/index.php?rest_route=%2Fwp%2Fv2%2Fcategories&post=71149"},{"taxonomy":"post_tag","embeddable":true,"href":"https:\/\/www.interaccionnoticias.com.mx\/index.php?rest_route=%2Fwp%2Fv2%2Ftags&post=71149"}],"curies":[{"name":"wp","href":"https:\/\/api.w.org\/{rel}","templated":true}]}}