{"id":71142,"date":"2023-11-20T16:48:02","date_gmt":"2023-11-20T22:48:02","guid":{"rendered":"https:\/\/interaccionnoticias.com.mx\/?p=71142"},"modified":"2023-11-20T16:48:05","modified_gmt":"2023-11-20T22:48:05","slug":"sin-datos-exactos-este-martes-regresan-a-clases-escuelas-en-acapulco-y-coyuca-de-benitez","status":"publish","type":"post","link":"https:\/\/www.interaccionnoticias.com.mx\/?p=71142","title":{"rendered":"Sin datos exactos, este martes regresan a clases escuelas en Acapulco y Coyuca de Ben\u00edtez"},"content":{"rendered":"\n<p><strong><em>&#8212; La titular de la SEP espec\u00edfica que solo ser\u00e1n en escuelas donde haya posibilidades<br>&#8212; El secretario de Educaci\u00f3n de Guerrero, Marcial Rodr\u00edguez aclara que no se obligar\u00e1 a nadie<\/em><\/strong><\/p>\n\n\n\n<p><strong>Jes\u00fas Dorantes<\/strong><\/p>\n\n\n\n<p><strong>Chilpancingo, Gro.- <\/strong>La titular de la Secretaria de Educaci\u00f3n P\u00fablica (SEP) Leticia Ram\u00edrez Amaya confirm\u00f3 que este martes 21 de noviembre se regresar\u00e1 a clases en el puerto de Acapulco y el municipio de Coyuca de Ben\u00edtez, aunque solamente en las escuelas en que haya condiciones para ello, nadie est\u00e1 obligado a retornar a las aulas.<\/p>\n\n\n\n<p>Hasta el momento, la SEP y la Secretar\u00eda de Educaci\u00f3n Guerrero (SEG) no cuentan con una cifra oficial respecto a cu\u00e1ntos planteles reabrir\u00e1n sus puertas.<\/p>\n\n\n\n<p>Durante el informe de la Mesa de Coordinaci\u00f3n para la Construcci\u00f3n de la Paz, la titular de la SEP en compa\u00f1\u00eda del secretario de educaci\u00f3n estatal, hicieron una llamado a las ciudadan\u00eda para tomar en cuenta que el regreso a clases debe tomarse \u201ccon actitud flexible y una actitud de mucha sensibilidad\u201d.<\/p>\n\n\n\n<p>En su participaci\u00f3n, Ram\u00edrez Anaya destac\u00f3 que los Servidores de la Naci\u00f3n realizaron ya los censos en escuelas, con lo que se determin\u00f3 que ya exist\u00eda la posibilidad de retornar a clases en algunos lugares, aunque no se precisa cuantos planteles reabrir\u00e1n.<\/p>\n\n\n\n<p>\u201cPensamos que hay posibilidades en algunas escuelas de reiniciar, de reactivar las actividades docentes, que podamos de esa manera ir avanzando poco a poco a la cotidianidad educativa\u201d, anot\u00f3 la funcionaria federal.<\/p>\n\n\n\n<p>Marcial Rodr\u00edguez confirm\u00f3 que entre ambos municipios se tiene un universo de 190 mil 905 estudiantes, 12 mil 168 docentes y mil 224 escuelas.<\/p>\n\n\n\n<p>El secretario de Educaci\u00f3n en la entidad asegur\u00f3 que nadie est\u00e1 obligado a regresar a las aulas, por lo que ser\u00e1n comprensivos ante cualquier situaci\u00f3n dif\u00edcil que est\u00e9n viviendo tanto alumnos como el personal docente.<\/p>\n\n\n\n<p>\u201cEstamos en una situaci\u00f3n de emergencia en donde tiene que haber mucha sensibilidad comprensi\u00f3n, esto es que no vamos a obligar a nadie a regresar a la escuela, vamos a hacerlo porque los ni\u00f1os necesitan tener clases, de tal manera que no se va a exigir nada ning\u00fan estudiante ni uniforme ni nada, los maestros que me puedan ir porque est\u00e1n en una situaci\u00f3n de damnificados, los vamos a comprender\u201d, asegur\u00f3.<\/p>\n\n\n\n<p>El regreso a clases ser\u00e1 paulatino y siempre se antepondr\u00e1 no poner en riesgo a la poblaci\u00f3n escolar y docente, por lo que continuar\u00e1n las reuniones con los padres de familia para llegar a acuerdos y verificar qu\u00e9 acciones se necesitan en los planteles.<\/p>\n","protected":false},"excerpt":{"rendered":"<p>&#8212; La titular de la SEP espec\u00edfica que solo ser\u00e1n en escuelas donde haya posibilidades&#8212; El secretario de Educaci\u00f3n de Guerrero, Marcial Rodr\u00edguez aclara que no se obligar\u00e1 a nadie&hellip; <\/p>\n","protected":false},"author":8,"featured_media":71143,"comment_status":"open","ping_status":"open","sticky":false,"template":"","format":"standard","meta":{"fifu_image_url":"","fifu_image_alt":"","footnotes":""},"categories":[6],"tags":[],"class_list":["post-71142","post","type-post","status-publish","format-standard","has-post-thumbnail","hentry","category-educacion"],"_links":{"self":[{"href":"https:\/\/www.interaccionnoticias.com.mx\/index.php?rest_route=\/wp\/v2\/posts\/71142","targetHints":{"allow":["GET"]}}],"collection":[{"href":"https:\/\/www.interaccionnoticias.com.mx\/index.php?rest_route=\/wp\/v2\/posts"}],"about":[{"href":"https:\/\/www.interaccionnoticias.com.mx\/index.php?rest_route=\/wp\/v2\/types\/post"}],"author":[{"embeddable":true,"href":"https:\/\/www.interaccionnoticias.com.mx\/index.php?rest_route=\/wp\/v2\/users\/8"}],"replies":[{"embeddable":true,"href":"https:\/\/www.interaccionnoticias.com.mx\/index.php?rest_route=%2Fwp%2Fv2%2Fcomments&post=71142"}],"version-history":[{"count":1,"href":"https:\/\/www.interaccionnoticias.com.mx\/index.php?rest_route=\/wp\/v2\/posts\/71142\/revisions"}],"predecessor-version":[{"id":71144,"href":"https:\/\/www.interaccionnoticias.com.mx\/index.php?rest_route=\/wp\/v2\/posts\/71142\/revisions\/71144"}],"wp:featuredmedia":[{"embeddable":true,"href":"https:\/\/www.interaccionnoticias.com.mx\/index.php?rest_route=\/wp\/v2\/media\/71143"}],"wp:attachment":[{"href":"https:\/\/www.interaccionnoticias.com.mx\/index.php?rest_route=%2Fwp%2Fv2%2Fmedia&parent=71142"}],"wp:term":[{"taxonomy":"category","embeddable":true,"href":"https:\/\/www.interaccionnoticias.com.mx\/index.php?rest_route=%2Fwp%2Fv2%2Fcategories&post=71142"},{"taxonomy":"post_tag","embeddable":true,"href":"https:\/\/www.interaccionnoticias.com.mx\/index.php?rest_route=%2Fwp%2Fv2%2Ftags&post=71142"}],"curies":[{"name":"wp","href":"https:\/\/api.w.org\/{rel}","templated":true}]}}