{"id":71139,"date":"2023-11-17T19:21:32","date_gmt":"2023-11-18T01:21:32","guid":{"rendered":"https:\/\/interaccionnoticias.com.mx\/?p=71139"},"modified":"2023-11-17T19:21:37","modified_gmt":"2023-11-18T01:21:37","slug":"organizaciones-feministas-presentaron-argumentos-en-defensa-de-gabriela-bernal-resendiz-ante-el-tribunal-electoral-federal","status":"publish","type":"post","link":"https:\/\/www.interaccionnoticias.com.mx\/?p=71139","title":{"rendered":"Organizaciones feministas presentaron argumentos en defensa de Gabriela Bernal Res\u00e9ndiz ante el Tribunal Electoral federal"},"content":{"rendered":"\n<p><strong>Rosario Garc\u00eda Orozco<\/strong><\/p>\n\n\n\n<p><strong>Chilpancingo, Gro., 17 de noviembre del 2023.-<\/strong> Organizaciones feministas presentaron argumentos Jur\u00eddicos ante el Tribunal Electoral del Poder Judicial de la Federaci\u00f3n, para ser considerados en el juicio que se sigue contra el dirigente estatal de Morena, Jacinto Gonz\u00e1lez Varona, por ejercer violencia pol\u00edtica en raz\u00f3n de g\u00e9nero en agravio de la diputada local priista, Gabriela Bernal Res\u00e9ndiz, as\u00ed lo inform\u00f3 la presidenta de la Red para el Avance Pol\u00edtico de las Mujeres Guerrerenses, Muriel Salinas D\u00edaz.<\/p>\n\n\n\n<p>Lo anterior, luego de que el Tribunal Electoral del Poder Judicial de la Federaci\u00f3n revoc\u00f3 la sentencia del Tribunal Electoral del Estado de Guerrero, en el sentido de que el dirigente estatal de Morena, Jacinto Gonz\u00e1lez Varona, cometi\u00f3 violencia pol\u00edtica en raz\u00f3n de g\u00e9nero contra la diputada local Gabriela Bernal Res\u00e9ndiz.<\/p>\n\n\n\n<p>La feminista se\u00f1al\u00f3 que \u00abde manera inaudita el Tribunal Federal considera que de ninguna manera constituye violencia pol\u00edtica en raz\u00f3n de g\u00e9nero la actuaci\u00f3n del dirigente estatal de Morena y diputado local, y ese \u00f3rgano le dio la raz\u00f3n en una serie de argumentos que no tienen m\u00e1s que una explicaci\u00f3n desde una perspectiva que normaliza los estereotipos de g\u00e9nero, como opiniones en el ejercicio de la libertad de expresi\u00f3n\u00bb.<\/p>\n\n\n\n<p>La feminista explic\u00f3 que la impugnaci\u00f3n que interpuso el morenista Jacinto Gonz\u00e1lez fue aceptado en un primer momento por la sala regional del Tribunal Electoral del Poder Judicial de la Federacion, pero que a\u00fan se puede continuar con el juicio, si la legisladora Gabriela Bernal as\u00ed lo decide, para lo cual contar\u00e1 con el apoyo de las organizaciones feministas de Guerrero.<\/p>\n\n\n\n<p>En su momento, la diputada priista inici\u00f3 una demanda por violencia pol\u00edtica en raz\u00f3n de g\u00e9nero contra al dirigente partidista porque en un evento publico, \u00e9ste trato de denostarla al decir que ella no ten\u00eda calidad moral para defender a las mujeres porque hab\u00eda permitido ser usada por su propio partido pol\u00edtico \u00ab\u00fanicamente para que utilizar\u00e1n su cara bonita a fin de atraer votos de los electores para hacer senador a Manuel A\u00f1orve, y que le hab\u00edan puesto un huipil para que apareciera en diferentes espectaculares para exhibir su apariencia, su cara bonita para atraer votantes\u00bb.<\/p>\n\n\n\n<p>Muriel Salinas agreg\u00f3 que en apoyo a la pol\u00edtica guerrerense, organizaciones como la Red para el Avance Pol\u00edtico de las Mujeres guerrerenses, Red de mujeres en plural, 50+1, Las Constituyentes Feministas, Todas M\u00e9xico y Mujeres guerrerenses por la democracia, entre otras, \u00abpresentamos un documento Amicus Curi, que es amigas de la Corte en nuestra calidad como integrantes de la sociedad civil, aportamos una serie de elementos, razonamientos y argumentos tanto de car\u00e1cter jur\u00eddico como doctrinario para que la sala tenga la posibilidad de juzgar este asunto con una perspectiva de g\u00e9nero\u00bb.<\/p>\n\n\n\n<p>Dijo que con esos planteamientos se presente dejar claro a la instancia electoral que ex importante analizar ese caso en el contexto de violencia feminicida que prevalece en Guerrero, \u00abpor la elevada tolerancia a la discriminaci\u00f3n y a la violencia hacia las mujeres y las ni\u00f1as\u00bb.<\/p>\n","protected":false},"excerpt":{"rendered":"<p>Rosario Garc\u00eda Orozco Chilpancingo, Gro., 17 de noviembre del 2023.- Organizaciones feministas presentaron argumentos Jur\u00eddicos ante el Tribunal Electoral del Poder Judicial de la Federaci\u00f3n, para ser considerados en el&hellip; <\/p>\n","protected":false},"author":14,"featured_media":71140,"comment_status":"open","ping_status":"open","sticky":false,"template":"","format":"standard","meta":{"fifu_image_url":"","fifu_image_alt":"","footnotes":""},"categories":[17],"tags":[],"class_list":["post-71139","post","type-post","status-publish","format-standard","has-post-thumbnail","hentry","category-organos-electorales"],"_links":{"self":[{"href":"https:\/\/www.interaccionnoticias.com.mx\/index.php?rest_route=\/wp\/v2\/posts\/71139","targetHints":{"allow":["GET"]}}],"collection":[{"href":"https:\/\/www.interaccionnoticias.com.mx\/index.php?rest_route=\/wp\/v2\/posts"}],"about":[{"href":"https:\/\/www.interaccionnoticias.com.mx\/index.php?rest_route=\/wp\/v2\/types\/post"}],"author":[{"embeddable":true,"href":"https:\/\/www.interaccionnoticias.com.mx\/index.php?rest_route=\/wp\/v2\/users\/14"}],"replies":[{"embeddable":true,"href":"https:\/\/www.interaccionnoticias.com.mx\/index.php?rest_route=%2Fwp%2Fv2%2Fcomments&post=71139"}],"version-history":[{"count":1,"href":"https:\/\/www.interaccionnoticias.com.mx\/index.php?rest_route=\/wp\/v2\/posts\/71139\/revisions"}],"predecessor-version":[{"id":71141,"href":"https:\/\/www.interaccionnoticias.com.mx\/index.php?rest_route=\/wp\/v2\/posts\/71139\/revisions\/71141"}],"wp:featuredmedia":[{"embeddable":true,"href":"https:\/\/www.interaccionnoticias.com.mx\/index.php?rest_route=\/wp\/v2\/media\/71140"}],"wp:attachment":[{"href":"https:\/\/www.interaccionnoticias.com.mx\/index.php?rest_route=%2Fwp%2Fv2%2Fmedia&parent=71139"}],"wp:term":[{"taxonomy":"category","embeddable":true,"href":"https:\/\/www.interaccionnoticias.com.mx\/index.php?rest_route=%2Fwp%2Fv2%2Fcategories&post=71139"},{"taxonomy":"post_tag","embeddable":true,"href":"https:\/\/www.interaccionnoticias.com.mx\/index.php?rest_route=%2Fwp%2Fv2%2Ftags&post=71139"}],"curies":[{"name":"wp","href":"https:\/\/api.w.org\/{rel}","templated":true}]}}