{"id":71124,"date":"2023-11-17T14:59:53","date_gmt":"2023-11-17T20:59:53","guid":{"rendered":"https:\/\/interaccionnoticias.com.mx\/?p=71124"},"modified":"2023-11-17T14:59:56","modified_gmt":"2023-11-17T20:59:56","slug":"antes-del-huracan-otis-habia-un-registro-de-86-mil-trabajos-formales-en-acapulco","status":"publish","type":"post","link":"https:\/\/www.interaccionnoticias.com.mx\/?p=71124","title":{"rendered":"Antes del hurac\u00e1n Otis hab\u00eda un registro de 86 mil trabajos formales en Acapulco"},"content":{"rendered":"\n<p><strong><em>&#8212; A tres semanas del paso del meteoro no hay una cifra oficial de cu\u00e1ntos empleos Se podr\u00edan perder<\/em><\/strong><\/p>\n\n\n\n<p><strong>Jes\u00fas Dorantes<\/strong><\/p>\n\n\n\n<p><strong>Chilpancingo, Gro.-<\/strong> Uno de los sectores que tambi\u00e9n fue afectado por el hurac\u00e1n Otis en el puerto Acapulco es el laboral, ya que hasta la fecha no existe certeza para los 86,000 trabajadores formales que se ten\u00edan registrados ante el Seguro Social<\/p>\n\n\n\n<p>El titular de la Secretar\u00eda de Trabajo y Previsi\u00f3n Social Luis Armando Ba\u00f1os Rend\u00f3n, revel\u00f3 que permanecen en pl\u00e1ticas con empresarios porte\u00f1os y empresas for\u00e1neas para saber cu\u00e1l ser\u00e1 el n\u00famero de trabajos que podr\u00e1n regresar de manera habitual y cuantos podr\u00e1n perderse.<\/p>\n\n\n\n<p>A pregunta expresa sobre la cantidad de trabajos que se encontraban en riesgo, destac\u00f3 que se tienen registrados ante el seguro social se tienen a 86 mil trabajadores formales hasta el mes de septiembre del 2023.<\/p>\n\n\n\n<p>Pero que debido a las fallas en la red telef\u00f3nica y de internet se ha dificultado tener hasta la fecha un balance total de los espacios laborales que podr\u00edan perderse.<\/p>\n\n\n\n<p>En el caso del puerto destac\u00f3 que los trabajos m\u00e1s frecuentes son hoteler\u00eda, restaurantes y prestadores de servicios, los cuales en los tres casos presentan las mayores afectaciones por el paso del fen\u00f3meno natural.<\/p>\n\n\n\n<p>Una vez que se concluya y se tenga la estad\u00edstica el titular de la Secretar\u00eda del Trabajo y Previsi\u00f3n Social, asegur\u00f3 que comenzar\u00e1 una etapa de empleos temporales y se podr\u00e1 tener la certeza de Cu\u00e1ntas espacios ser\u00e1n reactivados.<\/p>\n","protected":false},"excerpt":{"rendered":"<p>&#8212; A tres semanas del paso del meteoro no hay una cifra oficial de cu\u00e1ntos empleos Se podr\u00edan perder Jes\u00fas Dorantes Chilpancingo, Gro.- Uno de los sectores que tambi\u00e9n fue&hellip; <\/p>\n","protected":false},"author":8,"featured_media":71125,"comment_status":"open","ping_status":"open","sticky":false,"template":"","format":"standard","meta":{"fifu_image_url":"","fifu_image_alt":"","footnotes":""},"categories":[242],"tags":[],"class_list":["post-71124","post","type-post","status-publish","format-standard","has-post-thumbnail","hentry","category-acapulco"],"_links":{"self":[{"href":"https:\/\/www.interaccionnoticias.com.mx\/index.php?rest_route=\/wp\/v2\/posts\/71124","targetHints":{"allow":["GET"]}}],"collection":[{"href":"https:\/\/www.interaccionnoticias.com.mx\/index.php?rest_route=\/wp\/v2\/posts"}],"about":[{"href":"https:\/\/www.interaccionnoticias.com.mx\/index.php?rest_route=\/wp\/v2\/types\/post"}],"author":[{"embeddable":true,"href":"https:\/\/www.interaccionnoticias.com.mx\/index.php?rest_route=\/wp\/v2\/users\/8"}],"replies":[{"embeddable":true,"href":"https:\/\/www.interaccionnoticias.com.mx\/index.php?rest_route=%2Fwp%2Fv2%2Fcomments&post=71124"}],"version-history":[{"count":1,"href":"https:\/\/www.interaccionnoticias.com.mx\/index.php?rest_route=\/wp\/v2\/posts\/71124\/revisions"}],"predecessor-version":[{"id":71126,"href":"https:\/\/www.interaccionnoticias.com.mx\/index.php?rest_route=\/wp\/v2\/posts\/71124\/revisions\/71126"}],"wp:featuredmedia":[{"embeddable":true,"href":"https:\/\/www.interaccionnoticias.com.mx\/index.php?rest_route=\/wp\/v2\/media\/71125"}],"wp:attachment":[{"href":"https:\/\/www.interaccionnoticias.com.mx\/index.php?rest_route=%2Fwp%2Fv2%2Fmedia&parent=71124"}],"wp:term":[{"taxonomy":"category","embeddable":true,"href":"https:\/\/www.interaccionnoticias.com.mx\/index.php?rest_route=%2Fwp%2Fv2%2Fcategories&post=71124"},{"taxonomy":"post_tag","embeddable":true,"href":"https:\/\/www.interaccionnoticias.com.mx\/index.php?rest_route=%2Fwp%2Fv2%2Ftags&post=71124"}],"curies":[{"name":"wp","href":"https:\/\/api.w.org\/{rel}","templated":true}]}}