{"id":71106,"date":"2023-11-16T18:02:19","date_gmt":"2023-11-17T00:02:19","guid":{"rendered":"https:\/\/interaccionnoticias.com.mx\/?p=71106"},"modified":"2023-11-16T18:02:22","modified_gmt":"2023-11-17T00:02:22","slug":"sentencian-a-mujer-a-50-anos-de-prision-por-secuestro-agravado","status":"publish","type":"post","link":"https:\/\/www.interaccionnoticias.com.mx\/?p=71106","title":{"rendered":"Sentencian a mujer a 50 a\u00f1os de prisi\u00f3n por secuestro agravado"},"content":{"rendered":"\n<p><strong><em>&#8212; El delito se cometi\u00f3 en Taxco en 2020, la v\u00edctima fue otra mujer<\/em><\/strong><\/p>\n\n\n\n<p><strong>Rogelio Agust\u00edn<\/strong><\/p>\n\n\n\n<p>La Fiscal\u00eda General del Estado (FGE) logr\u00f3 una sentencia condenatoria de 50 a\u00f1os en contra de una mujer identificada como Anah\u00ed \u201cN\u201d, por el delito de secuestro agravado en contra de otra mujer, en el municipio de Taxco de Alarc\u00f3n.<\/p>\n\n\n\n<p>La informaci\u00f3n fue colocada en las redes sociales de la Fiscal\u00eda de Guerrero, la tarde del jueves 16 de noviembre, por hechos registrados el 27 de julio de 2020 en la regi\u00f3n Norte de Guerrero.<\/p>\n\n\n\n<p>Este d\u00eda se desarroll\u00f3 la audiencia de individualizaci\u00f3n de sanciones y reparaci\u00f3n del da\u00f1o, la FGE expuso los medios de convicci\u00f3n y tras la argumentaci\u00f3n correspondiente el juez dict\u00f3 el fallo de condena, estableciendo la pena de 50 a\u00f1os de prisi\u00f3n en contra de Anah\u00ed \u201cN\u201d.<\/p>\n\n\n\n<p>Tambi\u00e9n se estableci\u00f3 el pago de una multa, de la que no se precis\u00f3 el monto que ser\u00e1 utilizada para la reparaci\u00f3n del da\u00f1o cometido en agravio de la v\u00edctima, que es otra mujer.<\/p>\n\n\n\n<p>Este d\u00eda el \u00f3rgano encargado de la persecuci\u00f3n de los delitos dio a conocer la obtenci\u00f3n de sentencias comdenatorias por vioencia familia equiparada en contra de Irving \u201cN\u201d, en el municipio de Chilpancingo, Jos\u00e9 \u201cN\u201d en Iguala de la Independencia y Jes\u00fas \u201cN\u201d, tambi\u00e9n en la capital del estado.<\/p>\n","protected":false},"excerpt":{"rendered":"<p>&#8212; El delito se cometi\u00f3 en Taxco en 2020, la v\u00edctima fue otra mujer Rogelio Agust\u00edn La Fiscal\u00eda General del Estado (FGE) logr\u00f3 una sentencia condenatoria de 50 a\u00f1os en&hellip; <\/p>\n","protected":false},"author":21,"featured_media":71107,"comment_status":"open","ping_status":"open","sticky":false,"template":"","format":"standard","meta":{"fifu_image_url":"","fifu_image_alt":"","footnotes":""},"categories":[27],"tags":[],"class_list":["post-71106","post","type-post","status-publish","format-standard","has-post-thumbnail","hentry","category-seguridad-publica"],"_links":{"self":[{"href":"https:\/\/www.interaccionnoticias.com.mx\/index.php?rest_route=\/wp\/v2\/posts\/71106","targetHints":{"allow":["GET"]}}],"collection":[{"href":"https:\/\/www.interaccionnoticias.com.mx\/index.php?rest_route=\/wp\/v2\/posts"}],"about":[{"href":"https:\/\/www.interaccionnoticias.com.mx\/index.php?rest_route=\/wp\/v2\/types\/post"}],"author":[{"embeddable":true,"href":"https:\/\/www.interaccionnoticias.com.mx\/index.php?rest_route=\/wp\/v2\/users\/21"}],"replies":[{"embeddable":true,"href":"https:\/\/www.interaccionnoticias.com.mx\/index.php?rest_route=%2Fwp%2Fv2%2Fcomments&post=71106"}],"version-history":[{"count":1,"href":"https:\/\/www.interaccionnoticias.com.mx\/index.php?rest_route=\/wp\/v2\/posts\/71106\/revisions"}],"predecessor-version":[{"id":71108,"href":"https:\/\/www.interaccionnoticias.com.mx\/index.php?rest_route=\/wp\/v2\/posts\/71106\/revisions\/71108"}],"wp:featuredmedia":[{"embeddable":true,"href":"https:\/\/www.interaccionnoticias.com.mx\/index.php?rest_route=\/wp\/v2\/media\/71107"}],"wp:attachment":[{"href":"https:\/\/www.interaccionnoticias.com.mx\/index.php?rest_route=%2Fwp%2Fv2%2Fmedia&parent=71106"}],"wp:term":[{"taxonomy":"category","embeddable":true,"href":"https:\/\/www.interaccionnoticias.com.mx\/index.php?rest_route=%2Fwp%2Fv2%2Fcategories&post=71106"},{"taxonomy":"post_tag","embeddable":true,"href":"https:\/\/www.interaccionnoticias.com.mx\/index.php?rest_route=%2Fwp%2Fv2%2Ftags&post=71106"}],"curies":[{"name":"wp","href":"https:\/\/api.w.org\/{rel}","templated":true}]}}