{"id":71103,"date":"2023-11-16T17:57:16","date_gmt":"2023-11-16T23:57:16","guid":{"rendered":"https:\/\/interaccionnoticias.com.mx\/?p=71103"},"modified":"2023-11-16T17:57:19","modified_gmt":"2023-11-16T23:57:19","slug":"seguira-sin-costo-la-autopista-del-sol-por-tiempo-indefinido","status":"publish","type":"post","link":"https:\/\/www.interaccionnoticias.com.mx\/?p=71103","title":{"rendered":"Seguir\u00e1 sin costo la Autopista del Sol por tiempo indefinido"},"content":{"rendered":"\n<p><strong>Rosario Garc\u00eda Orozco<\/strong><\/p>\n\n\n\n<p><strong>Chilpancingo, Gro., Gro., 16 de noviembre del 2023.-<\/strong> La gobernadora Evelyn Salgado Pineda asegur\u00f3 que las casetas de peaje de la Autopista del Sol hacia Acapulco por tiempo indefinido no las pagar\u00e1n los usuarios, como apoyo a la poblaci\u00f3n, luego de los da\u00f1os que gener\u00f3 el hurac\u00e1n Otis.<\/p>\n\n\n\n<p>Cabe recordar que ayer (mi\u00e9rcoles) Caminos y Puentes Federales anunci\u00f3 un incremento a las casetas de peaje del pa\u00eds del 3 por ciento a las autopistas y puentes concesionarios en el pa\u00eds a partir del 15 de noviembre.<\/p>\n\n\n\n<p>Al respecto, la titular del Ejecutivo estatal inform\u00f3 que el incremento no aplicar\u00e1 a las casetas de la Autopista del Sol como un apoyo importante para la recuperaci\u00f3n del puerto del puerto de Acapulco, \u00abdonde el turismo es el coraz\u00f3n de nuestra econom\u00eda y una fuente vital de empleo para muchos\u00bb.<\/p>\n\n\n\n<p>Dijo que esa medida tambi\u00e9n permitir\u00e1 que siga llegando la ayuda de \u00abnuestros estados hermanos\u00bb, en apoyo a los damnificados por el hurac\u00e1n Otis, en los municipios de Acapulco y Coyuca de Benitez, que son los m\u00e1s afectados<\/p>\n\n\n\n<p>Salgado Pineda calific\u00f3 la decisi\u00f3n del gobierno federal como \u00abun reflejo del compromiso y cari\u00f1o del presidente Andr\u00e9s Manuel L\u00f3pez Obrador hacia nuestro amado Guerrero, especialmente en estos momentos dif\u00edciles\u00bb .<\/p>\n\n\n\n<p>Tambi\u00e9n agradeci\u00f3 el respaldo del presidente, Andr\u00e9s Manuel L\u00f3pez Obrador, a los guerrerenses, quien ha anunciado una inversi\u00f3n 61 mil millones de pesos para la reconstrucci\u00f3n de las \u00e1reas afectadas por el hurac\u00e1n \u201cOtis\u201d.<\/p>\n","protected":false},"excerpt":{"rendered":"<p>Rosario Garc\u00eda Orozco Chilpancingo, Gro., Gro., 16 de noviembre del 2023.- La gobernadora Evelyn Salgado Pineda asegur\u00f3 que las casetas de peaje de la Autopista del Sol hacia Acapulco por&hellip; <\/p>\n","protected":false},"author":14,"featured_media":71104,"comment_status":"open","ping_status":"open","sticky":false,"template":"","format":"standard","meta":{"fifu_image_url":"","fifu_image_alt":"","footnotes":""},"categories":[11],"tags":[],"class_list":["post-71103","post","type-post","status-publish","format-standard","has-post-thumbnail","hentry","category-guerrero"],"_links":{"self":[{"href":"https:\/\/www.interaccionnoticias.com.mx\/index.php?rest_route=\/wp\/v2\/posts\/71103","targetHints":{"allow":["GET"]}}],"collection":[{"href":"https:\/\/www.interaccionnoticias.com.mx\/index.php?rest_route=\/wp\/v2\/posts"}],"about":[{"href":"https:\/\/www.interaccionnoticias.com.mx\/index.php?rest_route=\/wp\/v2\/types\/post"}],"author":[{"embeddable":true,"href":"https:\/\/www.interaccionnoticias.com.mx\/index.php?rest_route=\/wp\/v2\/users\/14"}],"replies":[{"embeddable":true,"href":"https:\/\/www.interaccionnoticias.com.mx\/index.php?rest_route=%2Fwp%2Fv2%2Fcomments&post=71103"}],"version-history":[{"count":1,"href":"https:\/\/www.interaccionnoticias.com.mx\/index.php?rest_route=\/wp\/v2\/posts\/71103\/revisions"}],"predecessor-version":[{"id":71105,"href":"https:\/\/www.interaccionnoticias.com.mx\/index.php?rest_route=\/wp\/v2\/posts\/71103\/revisions\/71105"}],"wp:featuredmedia":[{"embeddable":true,"href":"https:\/\/www.interaccionnoticias.com.mx\/index.php?rest_route=\/wp\/v2\/media\/71104"}],"wp:attachment":[{"href":"https:\/\/www.interaccionnoticias.com.mx\/index.php?rest_route=%2Fwp%2Fv2%2Fmedia&parent=71103"}],"wp:term":[{"taxonomy":"category","embeddable":true,"href":"https:\/\/www.interaccionnoticias.com.mx\/index.php?rest_route=%2Fwp%2Fv2%2Fcategories&post=71103"},{"taxonomy":"post_tag","embeddable":true,"href":"https:\/\/www.interaccionnoticias.com.mx\/index.php?rest_route=%2Fwp%2Fv2%2Ftags&post=71103"}],"curies":[{"name":"wp","href":"https:\/\/api.w.org\/{rel}","templated":true}]}}