{"id":7109,"date":"2017-08-10T19:32:57","date_gmt":"2017-08-11T00:32:57","guid":{"rendered":"http:\/\/www.inter-accion.com.mx\/?p=7109"},"modified":"2017-08-10T19:32:57","modified_gmt":"2017-08-11T00:32:57","slug":"pt-descarta-su-participacion-en-frente-amplio-democratico","status":"publish","type":"post","link":"https:\/\/www.interaccionnoticias.com.mx\/?p=7109","title":{"rendered":"PT descarta su participaci\u00f3n en Frente Amplio Democr\u00e1tico"},"content":{"rendered":"<p>Al no haber inter\u00e9s de dialogar con el Partido Acci\u00f3n Nacional (PAN) para encarar juntos el proceso electoral 2017-2018, el dirigente estatal del Partido del Trabajo (PT), Victoriano Wences Real asegur\u00f3 que su participaci\u00f3n en el Frente Amplio Democr\u00e1tico, est\u00e1 descartado.&nbsp;<br \/>\nEl comisionado pol\u00edtico en Guerrero, manifest\u00f3 que hasta el momento el PT tiene un acuerdo con la dirigencia del partido Movimiento Regeneraci\u00f3n Nacional (MORENA), para apoyar la candidatura a la presidencia de la rep\u00fablica de Andr\u00e9s Manuel L\u00f3pez Obrador.&nbsp;<br \/>\nA nivel local, se\u00f1al\u00f3, el partido que representa se encuentra realizando actividades en solitario, pues al no haber platicas con otras fuerzas pol\u00edticas, prev\u00e9n ir solos en las elecciones para ayuntamiento y diputaciones.&nbsp;<br \/>\nDijo que moment\u00e1neamente, no han sostenido encuentros con los presidentes estatales del Partido de la Revoluci\u00f3n Democr\u00e1tica (PRD) y Movimiento Ciudadano (MC), argumentando que ambos avalan aliarse con el PAN y esa opci\u00f3n no es viable para el PT.&nbsp;<br \/>\n\u201cYo creo que lo que m\u00e1s le conviene a Guerrero, es ir juntos la izquierda, pero en caso contrario, nosotros estamos listos para ir solos\u201d, precis\u00f3.&nbsp;<br \/>\nLa postura de los militantes del PT, seg\u00fan Wences Real, es que una coalici\u00f3n de ese tipo no procede por los estatus del partido, adem\u00e1s porque no hay una instrucci\u00f3n de la dirigencia nacional y no hay deseo por tener una relaci\u00f3n con el panismo.&nbsp;&nbsp;<br \/>\nPor lo cual, el objetivo para los siguientes meses, ser\u00eda de buscar candidaturas comunes con el PRD, MC y MORENA.&nbsp;<br \/>\nFinalmente, dijo que el objetivo inmediato del PT, es de alcanzar los 100 mil afiliados, para duplicar la cifra de votos que obtuvieron en la jornada electoral del 2015, donde se renov\u00f3 el poder ejecutivo local.&nbsp;<\/p>\n","protected":false},"excerpt":{"rendered":"<p>Al no haber inter\u00e9s de dialogar con el Partido Acci\u00f3n Nacional (PAN) para encarar juntos el proceso electoral 2017-2018, el dirigente estatal del Partido del Trabajo (PT), Victoriano Wences Real&hellip; <\/p>\n","protected":false},"author":1,"featured_media":0,"comment_status":"closed","ping_status":"closed","sticky":false,"template":"","format":"standard","meta":{"fifu_image_url":"","fifu_image_alt":"","footnotes":""},"categories":[8,18],"tags":[],"class_list":["post-7109","post","type-post","status-publish","format-standard","hentry","category-featured","category-partidos-politicos"],"_links":{"self":[{"href":"https:\/\/www.interaccionnoticias.com.mx\/index.php?rest_route=\/wp\/v2\/posts\/7109","targetHints":{"allow":["GET"]}}],"collection":[{"href":"https:\/\/www.interaccionnoticias.com.mx\/index.php?rest_route=\/wp\/v2\/posts"}],"about":[{"href":"https:\/\/www.interaccionnoticias.com.mx\/index.php?rest_route=\/wp\/v2\/types\/post"}],"author":[{"embeddable":true,"href":"https:\/\/www.interaccionnoticias.com.mx\/index.php?rest_route=\/wp\/v2\/users\/1"}],"replies":[{"embeddable":true,"href":"https:\/\/www.interaccionnoticias.com.mx\/index.php?rest_route=%2Fwp%2Fv2%2Fcomments&post=7109"}],"version-history":[{"count":0,"href":"https:\/\/www.interaccionnoticias.com.mx\/index.php?rest_route=\/wp\/v2\/posts\/7109\/revisions"}],"wp:attachment":[{"href":"https:\/\/www.interaccionnoticias.com.mx\/index.php?rest_route=%2Fwp%2Fv2%2Fmedia&parent=7109"}],"wp:term":[{"taxonomy":"category","embeddable":true,"href":"https:\/\/www.interaccionnoticias.com.mx\/index.php?rest_route=%2Fwp%2Fv2%2Fcategories&post=7109"},{"taxonomy":"post_tag","embeddable":true,"href":"https:\/\/www.interaccionnoticias.com.mx\/index.php?rest_route=%2Fwp%2Fv2%2Ftags&post=7109"}],"curies":[{"name":"wp","href":"https:\/\/api.w.org\/{rel}","templated":true}]}}