{"id":71084,"date":"2023-11-16T16:36:42","date_gmt":"2023-11-16T22:36:42","guid":{"rendered":"https:\/\/interaccionnoticias.com.mx\/?p=71084"},"modified":"2023-11-16T16:36:45","modified_gmt":"2023-11-16T22:36:45","slug":"en-papagayo-14-familias-perdieron-sus-viviendas-por-el-paso-del-huracan-otis","status":"publish","type":"post","link":"https:\/\/www.interaccionnoticias.com.mx\/?p=71084","title":{"rendered":"En Papagayo 14 familias perdieron sus viviendas por el paso del hurac\u00e1n Otis"},"content":{"rendered":"\n<p><strong><em>&#8212; La alcaldesa lament\u00f3 que no fueran incluidos en el censo a damnificados por parte del gobierno federal<\/em><\/strong><\/p>\n\n\n\n<p><strong>Yasm\u00edn Garc\u00eda<\/strong><\/p>\n\n\n\n<p><strong>Juan R. Escudero, 16 de noviembre 2023.-<\/strong> Catorce familias de la comunidad de Papagayo, Juan R. Escudero perdieron sus viviendas tras el paso del hurac\u00e1n Otis y m\u00e1s de mil campesinos perdieron sus sembrad\u00edos de ma\u00edz y calabaza.<\/p>\n\n\n\n<p>La alcaldesa de Juan R. Escudero, Diana Costilla Carolina Villanueva (PRI), lament\u00f3 que el gobierno federal no incluy\u00f3 al municipio para censar a las familias afectadas de la comunidad de Papagayo.<\/p>\n\n\n\n<p>\u201cNo lleg\u00f3 el censo por parte del gobierno federal a pesar de las afectaciones y la cercan\u00eda con Acapulco, aqu\u00ed los da\u00f1os los cuantifico Protecci\u00f3n Civil Municipal y los notificamos al gobierno del estado y a SEDATU, al gobierno federal, pero nos dijeron que Juan R. Escudero no estaba considerado\u201d, explic\u00f3.<\/p>\n\n\n\n<p>El pasado 29 de octubre inicio el censo a damnificados por el hurac\u00e1n Otis a cargo de los servidores de la naci\u00f3n, para conocer el estado de afectaci\u00f3n de las viviendas, negocios y cultivos en Acapulco y Coyuca de Ben\u00edtez. El presidente de M\u00e9xico Andr\u00e9s Manuel L\u00f3pez Obrador lo concluy\u00f3 el pasado 14 de noviembre y anunci\u00f3 el inicio de la etapa de construcci\u00f3n de las viviendas.<\/p>\n\n\n\n<p>La alcaldesa dijo que su gobierno va a respaldar y apoyar a las familias afectadas, y realizar\u00e1 las gestiones correspondientes ante el gobierno estatal y federal. \u201cLos ayudaremos con enseres, seguimos apoy\u00e1ndoles en gesti\u00f3n de viviendas ya que lo perdieron todo\u201d.<\/p>\n","protected":false},"excerpt":{"rendered":"<p>&#8212; La alcaldesa lament\u00f3 que no fueran incluidos en el censo a damnificados por parte del gobierno federal Yasm\u00edn Garc\u00eda Juan R. Escudero, 16 de noviembre 2023.- Catorce familias de&hellip; <\/p>\n","protected":false},"author":32,"featured_media":71085,"comment_status":"open","ping_status":"open","sticky":false,"template":"","format":"standard","meta":{"fifu_image_url":"","fifu_image_alt":"","footnotes":""},"categories":[23],"tags":[],"class_list":["post-71084","post","type-post","status-publish","format-standard","has-post-thumbnail","hentry","category-regionales"],"_links":{"self":[{"href":"https:\/\/www.interaccionnoticias.com.mx\/index.php?rest_route=\/wp\/v2\/posts\/71084","targetHints":{"allow":["GET"]}}],"collection":[{"href":"https:\/\/www.interaccionnoticias.com.mx\/index.php?rest_route=\/wp\/v2\/posts"}],"about":[{"href":"https:\/\/www.interaccionnoticias.com.mx\/index.php?rest_route=\/wp\/v2\/types\/post"}],"author":[{"embeddable":true,"href":"https:\/\/www.interaccionnoticias.com.mx\/index.php?rest_route=\/wp\/v2\/users\/32"}],"replies":[{"embeddable":true,"href":"https:\/\/www.interaccionnoticias.com.mx\/index.php?rest_route=%2Fwp%2Fv2%2Fcomments&post=71084"}],"version-history":[{"count":1,"href":"https:\/\/www.interaccionnoticias.com.mx\/index.php?rest_route=\/wp\/v2\/posts\/71084\/revisions"}],"predecessor-version":[{"id":71086,"href":"https:\/\/www.interaccionnoticias.com.mx\/index.php?rest_route=\/wp\/v2\/posts\/71084\/revisions\/71086"}],"wp:featuredmedia":[{"embeddable":true,"href":"https:\/\/www.interaccionnoticias.com.mx\/index.php?rest_route=\/wp\/v2\/media\/71085"}],"wp:attachment":[{"href":"https:\/\/www.interaccionnoticias.com.mx\/index.php?rest_route=%2Fwp%2Fv2%2Fmedia&parent=71084"}],"wp:term":[{"taxonomy":"category","embeddable":true,"href":"https:\/\/www.interaccionnoticias.com.mx\/index.php?rest_route=%2Fwp%2Fv2%2Fcategories&post=71084"},{"taxonomy":"post_tag","embeddable":true,"href":"https:\/\/www.interaccionnoticias.com.mx\/index.php?rest_route=%2Fwp%2Fv2%2Ftags&post=71084"}],"curies":[{"name":"wp","href":"https:\/\/api.w.org\/{rel}","templated":true}]}}