{"id":71079,"date":"2023-11-16T14:50:50","date_gmt":"2023-11-16T20:50:50","guid":{"rendered":"https:\/\/interaccionnoticias.com.mx\/?p=71079"},"modified":"2023-11-16T14:50:53","modified_gmt":"2023-11-16T20:50:53","slug":"aseguran-el-bar-la-nortena-en-acapulco","status":"publish","type":"post","link":"https:\/\/www.interaccionnoticias.com.mx\/?p=71079","title":{"rendered":"Aseguran el bar La Norte\u00f1a en Acapulco"},"content":{"rendered":"\n<p><strong><em>&#8212; Un ataque dej\u00f3 un muerto y dos heridos<\/em><\/strong><\/p>\n\n\n\n<p><strong>Javier Trujillo<\/strong><\/p>\n\n\n\n<p><strong>Acapulco, Gro.-<\/strong> La Fiscal\u00eda General del Estado, asegur\u00f3 el bar \u00abLa Norte\u00f1a\u00bb, d\u00f3nde se investiga una agresi\u00f3n armada que dej\u00f3 un saldo un muerto y dos heridos por arma de fuego.<\/p>\n\n\n\n<p>La FGE inici\u00f3 una carpeta por homicidio calificado, as\u00ed como dos heridos por arma fuego la noche del martes en un bar que se encuentra ubicado en la zona Dorada de Acapulco.<\/p>\n\n\n\n<p>La representaci\u00f3n social, detall\u00f3 que la investigaci\u00f3n es en contra de quien o quienes resulten responsables, por el delito de homicidio calificando, cometido en agravio de Eduardo \u201cN\u201d, en el citado bar.<\/p>\n\n\n\n<p>Al respecto agentes de la Polic\u00eda de Investigadora Ministerial, as\u00ed como personal de los Servicios Periciales acudieron al lugar de los hechos, para llevar a cabo los actos de investigaci\u00f3n, que permitan obtener los datos de prueba necesarios para esclarecer el il\u00edcito.<\/p>\n\n\n\n<p>Cabe mencionar que la victima fue trasladada al hospital general Donato G Alarc\u00f3n, d\u00f3nde Eduardo \u00abN\u00bb, presentaba heridas de arma de fuego en abdomen y brazo izquierdo, por lo que m\u00e1s tarde muri\u00f3.<\/p>\n\n\n\n<p>En el mismo lugar otro hombre result\u00f3 por arma de grueso calibre, mismo que fue ingresado al nosocomio, ubicado en Ciudad Renacimiento, zona suburbana de Acapulco.<\/p>\n\n\n\n<p>En Acapulco se han registrado al menos tres ataques armados en bares, ubicados en la zona del Acapulco Dorado en los bares Mad Bar, La Norte\u00f1a y Singapur, el pasado 23 de abril.<\/p>\n","protected":false},"excerpt":{"rendered":"<p>&#8212; Un ataque dej\u00f3 un muerto y dos heridos Javier Trujillo Acapulco, Gro.- La Fiscal\u00eda General del Estado, asegur\u00f3 el bar \u00abLa Norte\u00f1a\u00bb, d\u00f3nde se investiga una agresi\u00f3n armada que&hellip; <\/p>\n","protected":false},"author":3,"featured_media":71080,"comment_status":"open","ping_status":"open","sticky":false,"template":"","format":"standard","meta":{"fifu_image_url":"","fifu_image_alt":"","footnotes":""},"categories":[27],"tags":[],"class_list":["post-71079","post","type-post","status-publish","format-standard","has-post-thumbnail","hentry","category-seguridad-publica"],"_links":{"self":[{"href":"https:\/\/www.interaccionnoticias.com.mx\/index.php?rest_route=\/wp\/v2\/posts\/71079","targetHints":{"allow":["GET"]}}],"collection":[{"href":"https:\/\/www.interaccionnoticias.com.mx\/index.php?rest_route=\/wp\/v2\/posts"}],"about":[{"href":"https:\/\/www.interaccionnoticias.com.mx\/index.php?rest_route=\/wp\/v2\/types\/post"}],"author":[{"embeddable":true,"href":"https:\/\/www.interaccionnoticias.com.mx\/index.php?rest_route=\/wp\/v2\/users\/3"}],"replies":[{"embeddable":true,"href":"https:\/\/www.interaccionnoticias.com.mx\/index.php?rest_route=%2Fwp%2Fv2%2Fcomments&post=71079"}],"version-history":[{"count":1,"href":"https:\/\/www.interaccionnoticias.com.mx\/index.php?rest_route=\/wp\/v2\/posts\/71079\/revisions"}],"predecessor-version":[{"id":71081,"href":"https:\/\/www.interaccionnoticias.com.mx\/index.php?rest_route=\/wp\/v2\/posts\/71079\/revisions\/71081"}],"wp:featuredmedia":[{"embeddable":true,"href":"https:\/\/www.interaccionnoticias.com.mx\/index.php?rest_route=\/wp\/v2\/media\/71080"}],"wp:attachment":[{"href":"https:\/\/www.interaccionnoticias.com.mx\/index.php?rest_route=%2Fwp%2Fv2%2Fmedia&parent=71079"}],"wp:term":[{"taxonomy":"category","embeddable":true,"href":"https:\/\/www.interaccionnoticias.com.mx\/index.php?rest_route=%2Fwp%2Fv2%2Fcategories&post=71079"},{"taxonomy":"post_tag","embeddable":true,"href":"https:\/\/www.interaccionnoticias.com.mx\/index.php?rest_route=%2Fwp%2Fv2%2Ftags&post=71079"}],"curies":[{"name":"wp","href":"https:\/\/api.w.org\/{rel}","templated":true}]}}