{"id":71076,"date":"2023-11-16T14:34:22","date_gmt":"2023-11-16T20:34:22","guid":{"rendered":"https:\/\/interaccionnoticias.com.mx\/?p=71076"},"modified":"2023-11-16T14:34:24","modified_gmt":"2023-11-16T20:34:24","slug":"un-centenar-de-extrabajadores-del-hotel-el-cano-bloquean-la-costera-en-acapulco","status":"publish","type":"post","link":"https:\/\/www.interaccionnoticias.com.mx\/?p=71076","title":{"rendered":"Un centenar de extrabajadores del hotel El Cano bloquean la costera en Acapulco"},"content":{"rendered":"\n<p><strong><em>&#8212; Tras el hurac\u00e1n son despedidos meseros, camaristas, cocineros y lavander\u00eda y otros<\/em><\/strong><\/p>\n\n\n\n<p><strong>Javier Trujillo<\/strong><\/p>\n\n\n\n<p><strong>Acapulco, Gro.-<\/strong> M\u00e1s de un centenar de trabajadores del hotel El Cano, bloquean la costera Miguel Alem\u00e1n, demandan a la empresa que les devuelvan su trabajo.<\/p>\n\n\n\n<p>En forma intermitente los m\u00e1s de cien trabajadores con dos mantas rojinegras, se manifestaron en la costera al cerrar los dos sentidos de la principal v\u00eda tur\u00edstica durante 10 minutos.<\/p>\n\n\n\n<p>Los manifestantes en su mayor\u00eda empleados con 10, 15, y hasta 28 a\u00f1os de laborar en la hospeder\u00eda les informaron que habr\u00e1 trabajo para ellos hasta dentro de uno o dos a\u00f1os.<\/p>\n\n\n\n<p>\u00abQueremos trabajar, queremos trabajar, queremos trabajar, queremos trabajar, queremos que nos reinstalen\u00bb gritaban empleados de la llamada industria sin chimeneas.<\/p>\n\n\n\n<p>Lo anterior tras concluir una reuni\u00f3n donde los representantes del hotel El Cano, les informaron que ya no habr\u00e1 trabajo para ellos debido a la situaci\u00f3n del hotel, tras los da\u00f1os que dej\u00f3 el hurac\u00e1n Otis.<\/p>\n\n\n\n<p>\u00abLos trabajadores quieren tomar y tambi\u00e9n hacer acto de presencia aqu\u00ed no se si tomar el hotel no se, vamos a ver. Acabamos de escuchar que quieren tomar la Costera\u00bb, dijo Rey Rafael Sanchez Leyva, secretario general de la secci\u00f3n 20 de la CTM.<\/p>\n\n\n\n<p>Explic\u00f3 que ayer que llegaron los trabajadores dispuestos a trabajar en la limpieza del hotel, les dijeron que no tocaran nada y que no limpiaran nada.<\/p>\n\n\n\n<p>El l\u00edder gremial S\u00e1nchez Leyva, dijo que es preocupante que los due\u00f1os del hotel no hayan planteado una opci\u00f3n para trabajar durante los festejos desembrinos.<\/p>\n\n\n\n<p>\u00abNos dijeron que por el momento la empresa no puede operar y nos pidieron hacer una \u00abpausa\u00bb para m\u00e1s adelante en uno, dos o tres a\u00f1os y ver si se puede operar el hotel.<\/p>\n\n\n\n<p>\u00abLa verdad es que el hotel se afect\u00f3 en un 70 y un 80 por ciento y no pueden hacer mucho, es lo que nos comenta.<\/p>\n\n\n\n<p>\u00abSomos cien trabajadores de base y aproximadamente cien eventuales. Hasta el momento no han dicho que lo van a declarar en quiebra\u00bb, dijo y estim\u00f3 que ser\u00eda un virtual despido.<\/p>\n","protected":false},"excerpt":{"rendered":"<p>&#8212; Tras el hurac\u00e1n son despedidos meseros, camaristas, cocineros y lavander\u00eda y otros Javier Trujillo Acapulco, Gro.- M\u00e1s de un centenar de trabajadores del hotel El Cano, bloquean la costera&hellip; <\/p>\n","protected":false},"author":3,"featured_media":71077,"comment_status":"open","ping_status":"open","sticky":false,"template":"","format":"standard","meta":{"fifu_image_url":"","fifu_image_alt":"","footnotes":""},"categories":[242],"tags":[],"class_list":["post-71076","post","type-post","status-publish","format-standard","has-post-thumbnail","hentry","category-acapulco"],"_links":{"self":[{"href":"https:\/\/www.interaccionnoticias.com.mx\/index.php?rest_route=\/wp\/v2\/posts\/71076","targetHints":{"allow":["GET"]}}],"collection":[{"href":"https:\/\/www.interaccionnoticias.com.mx\/index.php?rest_route=\/wp\/v2\/posts"}],"about":[{"href":"https:\/\/www.interaccionnoticias.com.mx\/index.php?rest_route=\/wp\/v2\/types\/post"}],"author":[{"embeddable":true,"href":"https:\/\/www.interaccionnoticias.com.mx\/index.php?rest_route=\/wp\/v2\/users\/3"}],"replies":[{"embeddable":true,"href":"https:\/\/www.interaccionnoticias.com.mx\/index.php?rest_route=%2Fwp%2Fv2%2Fcomments&post=71076"}],"version-history":[{"count":1,"href":"https:\/\/www.interaccionnoticias.com.mx\/index.php?rest_route=\/wp\/v2\/posts\/71076\/revisions"}],"predecessor-version":[{"id":71078,"href":"https:\/\/www.interaccionnoticias.com.mx\/index.php?rest_route=\/wp\/v2\/posts\/71076\/revisions\/71078"}],"wp:featuredmedia":[{"embeddable":true,"href":"https:\/\/www.interaccionnoticias.com.mx\/index.php?rest_route=\/wp\/v2\/media\/71077"}],"wp:attachment":[{"href":"https:\/\/www.interaccionnoticias.com.mx\/index.php?rest_route=%2Fwp%2Fv2%2Fmedia&parent=71076"}],"wp:term":[{"taxonomy":"category","embeddable":true,"href":"https:\/\/www.interaccionnoticias.com.mx\/index.php?rest_route=%2Fwp%2Fv2%2Fcategories&post=71076"},{"taxonomy":"post_tag","embeddable":true,"href":"https:\/\/www.interaccionnoticias.com.mx\/index.php?rest_route=%2Fwp%2Fv2%2Ftags&post=71076"}],"curies":[{"name":"wp","href":"https:\/\/api.w.org\/{rel}","templated":true}]}}