{"id":71073,"date":"2023-11-16T14:20:13","date_gmt":"2023-11-16T20:20:13","guid":{"rendered":"https:\/\/interaccionnoticias.com.mx\/?p=71073"},"modified":"2023-11-16T14:20:16","modified_gmt":"2023-11-16T20:20:16","slug":"otis-la-division","status":"publish","type":"post","link":"https:\/\/www.interaccionnoticias.com.mx\/?p=71073","title":{"rendered":"Otis: la divisi\u00f3n"},"content":{"rendered":"\n<p><strong>Pol\u00edticamente Incorrecto<\/strong><\/p>\n\n\n\n<p><strong>Roberto Camps<\/strong><\/p>\n\n\n\n<p>Desde el anonimato, hoy operan quienes instigaron la polarizaci\u00f3n en Guerrero a causa de la desaparici\u00f3n de los 43 normalistas en Iguala.<\/p>\n\n\n\n<p>Su actuaci\u00f3n va dejando huellas: la aparici\u00f3n de mantas contra diputados de Morena en la Costa Grande, el cabildeo en medios de la Ciudad de M\u00e9xico, el azuzamiento en las redes sociales. Y lo que se acumule en las semanas que vienen.<\/p>\n\n\n\n<p>La desaparici\u00f3n de los estudiantes normalistas en septiembre de 2014, fue utilizada para linchar pol\u00edticamente al gobierno en turno, y en el proceso electoral de 2015 fue bandera de campa\u00f1a.<\/p>\n\n\n\n<p>Columnistas de la Ciudad de M\u00e9xico recib\u00edan l\u00ednea para desacreditar con infundios al entonces gobernador \u00c1ngel Aguirre Rivero.<\/p>\n\n\n\n<p>Los movimientos sociales incendiaron Guerrero, literalmente. La tragedia de Iguala fue el motor de la alternancia.<\/p>\n\n\n\n<p>Hoy se reedita esa historia, se pretende que Otis enardezca a los electores para que den su voto de castigo. Algo parecido ocurri\u00f3 en Acapulco despu\u00e9s de Paulina.<\/p>\n\n\n\n<p>Yo digo que detr\u00e1s de la devastaci\u00f3n que ocasionaron Paulina, Ingrid y Manuel y ahora Otis, hay responsabilidades pol\u00edticas y se debe evaluar la actuaci\u00f3n de los gobiernos, para no repetir errores.<\/p>\n\n\n\n<p>Me parece importante evitar que el desastre causado por Otis se convierta en un instrumento de polarizaci\u00f3n y divisi\u00f3n de la ciudadan\u00eda.<\/p>\n\n\n\n<p>El uso de la devastaci\u00f3n por Otis desgasta la energ\u00eda de una sociedad de por s\u00ed golpeada por las p\u00e9rdidas.<\/p>\n\n\n\n<p>En lugar de aprovechar el desastre para obtener ventajas pol\u00edticas, es fundamental que las autoridades y los l\u00edderes se enfoquen en mejorar la atenci\u00f3n de la crisis, motivar a la participaci\u00f3n ciudadana, y en las siguientes fasee, planificar la reconstrucci\u00f3n y preparar a Acapulco en la gesti\u00f3n de desastres ocasionados por fen\u00f3menos naturales en el futuro.<\/p>\n\n\n\n<p>Por \u00faltimo: muchos sabemos que Jap\u00f3n se encuentra ubicado en una regi\u00f3n del mundo de alta sismicidad, donde el riesgo de los tsunamis est\u00e1 presente.<\/p>\n\n\n\n<p>Esto los ha llevado a dise\u00f1ar y poner a prueba sistemas de alerta, evacuaci\u00f3n, as\u00ed como inculcar en la ciudadan\u00eda una cultura de la protecci\u00f3n civil.<\/p>\n\n\n\n<p>Se han puesto en marcha mecanismos de prevenci\u00f3n en Jap\u00f3n, con la participaci\u00f3n de especialistas, gobierno y ciudadan\u00eda.<\/p>\n\n\n\n<p>Cualquier plan de prevenci\u00f3n o de evacuaci\u00f3n que promuevan los diferentes \u00f3rdenes de gobierno, no funcionar\u00edan si la ciudadan\u00eda no se involucra.<\/p>\n\n\n\n<p>La polarizaci\u00f3n pol\u00edtica erosiona la de por s\u00ed debilitada confianza de la poblaci\u00f3n en las instituciones. Si lo que se hace es dividir en vez de sumar, el fracaso es previsible.<\/p>\n","protected":false},"excerpt":{"rendered":"<p>Pol\u00edticamente Incorrecto Roberto Camps Desde el anonimato, hoy operan quienes instigaron la polarizaci\u00f3n en Guerrero a causa de la desaparici\u00f3n de los 43 normalistas en Iguala. Su actuaci\u00f3n va dejando&hellip; <\/p>\n","protected":false},"author":26,"featured_media":71074,"comment_status":"open","ping_status":"open","sticky":false,"template":"","format":"standard","meta":{"fifu_image_url":"","fifu_image_alt":"","footnotes":""},"categories":[16],"tags":[],"class_list":["post-71073","post","type-post","status-publish","format-standard","has-post-thumbnail","hentry","category-opinion"],"_links":{"self":[{"href":"https:\/\/www.interaccionnoticias.com.mx\/index.php?rest_route=\/wp\/v2\/posts\/71073","targetHints":{"allow":["GET"]}}],"collection":[{"href":"https:\/\/www.interaccionnoticias.com.mx\/index.php?rest_route=\/wp\/v2\/posts"}],"about":[{"href":"https:\/\/www.interaccionnoticias.com.mx\/index.php?rest_route=\/wp\/v2\/types\/post"}],"author":[{"embeddable":true,"href":"https:\/\/www.interaccionnoticias.com.mx\/index.php?rest_route=\/wp\/v2\/users\/26"}],"replies":[{"embeddable":true,"href":"https:\/\/www.interaccionnoticias.com.mx\/index.php?rest_route=%2Fwp%2Fv2%2Fcomments&post=71073"}],"version-history":[{"count":1,"href":"https:\/\/www.interaccionnoticias.com.mx\/index.php?rest_route=\/wp\/v2\/posts\/71073\/revisions"}],"predecessor-version":[{"id":71075,"href":"https:\/\/www.interaccionnoticias.com.mx\/index.php?rest_route=\/wp\/v2\/posts\/71073\/revisions\/71075"}],"wp:featuredmedia":[{"embeddable":true,"href":"https:\/\/www.interaccionnoticias.com.mx\/index.php?rest_route=\/wp\/v2\/media\/71074"}],"wp:attachment":[{"href":"https:\/\/www.interaccionnoticias.com.mx\/index.php?rest_route=%2Fwp%2Fv2%2Fmedia&parent=71073"}],"wp:term":[{"taxonomy":"category","embeddable":true,"href":"https:\/\/www.interaccionnoticias.com.mx\/index.php?rest_route=%2Fwp%2Fv2%2Fcategories&post=71073"},{"taxonomy":"post_tag","embeddable":true,"href":"https:\/\/www.interaccionnoticias.com.mx\/index.php?rest_route=%2Fwp%2Fv2%2Ftags&post=71073"}],"curies":[{"name":"wp","href":"https:\/\/api.w.org\/{rel}","templated":true}]}}