{"id":71058,"date":"2023-11-15T20:51:07","date_gmt":"2023-11-16T02:51:07","guid":{"rendered":"https:\/\/interaccionnoticias.com.mx\/?p=71058"},"modified":"2023-11-15T20:51:10","modified_gmt":"2023-11-16T02:51:10","slug":"llama-el-congreso-a-comparecer-al-gabinete-del-gobierno-de-guerrero-en-el-marco-del-segundo-informe-de-labores","status":"publish","type":"post","link":"https:\/\/www.interaccionnoticias.com.mx\/?p=71058","title":{"rendered":"Llama el Congreso a comparecer al gabinete del Gobierno de Guerrero, en el marco del Segundo Informe de Labores"},"content":{"rendered":"\n<p><em><strong>&#8212; Ante el pleno van los secretarios de Gobierno, Finanzas, Salud, Educaci\u00f3n y Obras P\u00fablicas<br>&#8212; Ante comisiones comparecen los titulares de Seguridad P\u00fablica, Agricultura, Mujer, Bienestar, Desarrollo Econ\u00f3mico, Turismo, Medio Ambiente y Protecci\u00f3n Civil<br>&#8212; No se convoca a los secretarios de Asuntos Ind\u00edgenas, de la Juventud, del Migrante ni de Cultura<\/strong><\/em><\/p>\n\n\n\n<p><strong>Rogelio Agust\u00edn<\/strong><\/p>\n\n\n\n<p>Solo cinco secretarios de despacho del Gobierno de Guerrero comparecer\u00e1n ante el pleno del Congreso local en el contexto del Segundo Informe de Labores, ocho ir\u00e1n ante comisiones, entre ellos el responsable de Seguridad P\u00fablica Evelio M\u00e9ndez G\u00f3mez, quien podr\u00eda solicitar que la reuni\u00f3n con los diputados locales se desarrolle en secreto, como sucedi\u00f3 el a\u00f1o pasado.<\/p>\n\n\n\n<p>Este mi\u00e9rcoles, del Congreso local aprob\u00f3 un acuerdo parlamentario suscrito por la Junta de Coordinaci\u00f3n Pol\u00edtica (JUCOPO), en el cual se llamar a comparecer a secretarias y secretarios de despacho del Gonierno de Guerrero con motivo de la Glosa del Segundo Informe de Labores.<\/p>\n\n\n\n<p>Patricia Doroteo Calder\u00f3n, secretaria de la Mesa Directiva, ley\u00f3 el documento en el que se se\u00f1ala que el pasado14 de octubre, la gobernadora Evelyn Salgado Pineda entreg\u00f3 el informe escrito pormenorizado del estado que guarda la administraci\u00f3n p\u00fablica estatal, correspondiente a su segundo a\u00f1o de ejercicio constitucional.<\/p>\n\n\n\n<p>De acuerdo con lo que establece la Constituci\u00f3n Pol\u00edtica del Estado y la Ley Org\u00e1nica del Congreso, en caso de que la gobernadora no acuda a dirigir un mensaje ante el pleno, los secretarios de despacho est\u00e1n obligados a presentarse durante el mes de noviembre para desahogar la Glosa del Informe, a efecto de que respondan a dudas y planteamientos de las diputadas y los diputados.<\/p>\n\n\n\n<p>De acuerdo con lo presentado, solo cinco secretarios acudir\u00e1n al pleno para exponer la situaci\u00f3n que guarda la admiistraci\u00f3n p\u00fablica estatal, siete lo har\u00e1n ante comisiones y existe la posibilidad de que algunos pidan que las reuniones sean cerradas, sin acceso a los medios de comunicaci\u00f3n.<\/p>\n\n\n\n<p>Las actividades comienzan la ma\u00f1ana del lunes 27 de noviebre, con la presentaci\u00f3n del secretario general de Gobierno, Ludwid Marcial Reynoso N\u00fa\u00f1ez y por la tarde el titular de Finanzas y Administraci\u00f3n, Raymundo Segura Estrada.<\/p>\n\n\n\n<p>El martes 28 toca el turno a Irene Montiel, titular de la Secretar\u00eda de Desarrollo Urbano, Obras P\u00fablicas, quien el a\u00f1o pasado sostuvo un agrio encuentro con los diputados de oposici\u00f3n, al no responder puntualmente lo relacionado con la demolici\u00f3n de la biblioteca del Congreso, que hasta el momento permanece inconclusa.<\/p>\n\n\n\n<p>Ese mismo d\u00eda acudir\u00e1n a la sala de plenos el secretario de Educaci\u00f3n, Marcial Rodr\u00edguez Salda\u00f1a y la responsable de la Secratar\u00eda de Salud, Aid\u00e9 Ib\u00e1rez Castro.<\/p>\n\n\n\n<p>A partir del mi\u00e9rcoles 29 de noviembre comparecer\u00e1n ante comisiones las secretar\u00edas de la Mujer, de Bienestar, de Desarrollo Econ\u00f3mico, del Trabajo, Turismo y la Secretar\u00eda de Agriucultura.<\/p>\n\n\n\n<p>El jueves 30 siguen las reuniones en comisiones de los titulares de las secretar\u00edas de Protecci\u00f3n Civil, Medio Ambiente y de Seguridad P\u00fablica.<\/p>\n\n\n\n<p>Las comparecencias ante comisiones se consideran a realizar en la Sala Jos\u00e9 Francisco Ruiz Massieu.<\/p>\n\n\n\n<p>En 2022, la comparecencia del titular de Seguridad P\u00fablica (SSP) fue convocada en comisiones pero con car\u00e1cter privado, sin acceso a los medios de comunicaci\u00f3n.<\/p>\n\n\n\n<p>Dicho encuentro se program\u00f3 un d\u00eda s\u00e1bado, pero como a la reuni\u00f3n no llegaron la mayor\u00eda de los diputados que originalmente se hab\u00edan registrado para participar, la presentaci\u00f3n del capit\u00e1n Evelio M\u00e9ndez G\u00f3mez ya no se realiz\u00f3.<\/p>\n\n\n\n<p>Como hace un a\u00f1o, no est\u00e1n convocados a comparecer los responsables de las secretar\u00edas de la Juventud, Asuntos Ind\u00edgenas, Planeaci\u00f3n, Cultura y del Migrante.<\/p>\n","protected":false},"excerpt":{"rendered":"<p>&#8212; Ante el pleno van los secretarios de Gobierno, Finanzas, Salud, Educaci\u00f3n y Obras P\u00fablicas&#8212; Ante comisiones comparecen los titulares de Seguridad P\u00fablica, Agricultura, Mujer, Bienestar, Desarrollo Econ\u00f3mico, Turismo, Medio&hellip; <\/p>\n","protected":false},"author":21,"featured_media":71059,"comment_status":"open","ping_status":"open","sticky":false,"template":"","format":"standard","meta":{"fifu_image_url":"","fifu_image_alt":"","footnotes":""},"categories":[2],"tags":[],"class_list":["post-71058","post","type-post","status-publish","format-standard","has-post-thumbnail","hentry","category-congreso"],"_links":{"self":[{"href":"https:\/\/www.interaccionnoticias.com.mx\/index.php?rest_route=\/wp\/v2\/posts\/71058","targetHints":{"allow":["GET"]}}],"collection":[{"href":"https:\/\/www.interaccionnoticias.com.mx\/index.php?rest_route=\/wp\/v2\/posts"}],"about":[{"href":"https:\/\/www.interaccionnoticias.com.mx\/index.php?rest_route=\/wp\/v2\/types\/post"}],"author":[{"embeddable":true,"href":"https:\/\/www.interaccionnoticias.com.mx\/index.php?rest_route=\/wp\/v2\/users\/21"}],"replies":[{"embeddable":true,"href":"https:\/\/www.interaccionnoticias.com.mx\/index.php?rest_route=%2Fwp%2Fv2%2Fcomments&post=71058"}],"version-history":[{"count":1,"href":"https:\/\/www.interaccionnoticias.com.mx\/index.php?rest_route=\/wp\/v2\/posts\/71058\/revisions"}],"predecessor-version":[{"id":71060,"href":"https:\/\/www.interaccionnoticias.com.mx\/index.php?rest_route=\/wp\/v2\/posts\/71058\/revisions\/71060"}],"wp:featuredmedia":[{"embeddable":true,"href":"https:\/\/www.interaccionnoticias.com.mx\/index.php?rest_route=\/wp\/v2\/media\/71059"}],"wp:attachment":[{"href":"https:\/\/www.interaccionnoticias.com.mx\/index.php?rest_route=%2Fwp%2Fv2%2Fmedia&parent=71058"}],"wp:term":[{"taxonomy":"category","embeddable":true,"href":"https:\/\/www.interaccionnoticias.com.mx\/index.php?rest_route=%2Fwp%2Fv2%2Fcategories&post=71058"},{"taxonomy":"post_tag","embeddable":true,"href":"https:\/\/www.interaccionnoticias.com.mx\/index.php?rest_route=%2Fwp%2Fv2%2Ftags&post=71058"}],"curies":[{"name":"wp","href":"https:\/\/api.w.org\/{rel}","templated":true}]}}