{"id":71045,"date":"2023-11-15T18:39:23","date_gmt":"2023-11-16T00:39:23","guid":{"rendered":"https:\/\/interaccionnoticias.com.mx\/?p=71045"},"modified":"2023-11-15T18:39:25","modified_gmt":"2023-11-16T00:39:25","slug":"otis-dejo-entre-6-y-7-mil-toneladas-de-basura-solo-en-las-playas-de-acapulco","status":"publish","type":"post","link":"https:\/\/www.interaccionnoticias.com.mx\/?p=71045","title":{"rendered":"Otis dej\u00f3 entre 6 y 7 mil toneladas de basura, s\u00f3lo en las playas de Acapulco"},"content":{"rendered":"\n<p><strong>Rosario Garc\u00eda Orozco<\/strong><\/p>\n\n\n\n<p><strong>Chilpancingo, Gro., 15 de noviembre de 2023.- <\/strong>El paso del hurac\u00e1n Otis por Acapulco, dej\u00f3 s\u00f3lo en la franja costera entre 6 y 7 mil toneladas de basura, inform\u00f3 el director de la Promotora de Playas, Alfredo Lacunza de la Cruz.<\/p>\n\n\n\n<p>Dijo que lo que ocurri\u00f3 en Acapulco \u00abes comparable con una pel\u00edcula de ciencia ficci\u00f3n por el c\u00famulo de basura que Otis gener\u00f3.<\/p>\n\n\n\n<p>El funcionario compar\u00f3 lo que hoy vive Acapulco con otros fen\u00f3menos hidrometereol\u00f3gicos que ha sufrido el puerto y no se compara en nada con la afectaci\u00f3n y la basura que se gener\u00f3 durante la noche y madrugada del 24 y 25 de octubre pasados.<\/p>\n\n\n\n<p>\u201cNunca imaginamos que Acapulco iba a ser destruido en tres horas, nunca nos imaginamos de verdad que iba a suceder algo as\u00ed, sin embargo, los estamos afrontando efectivamente esto ha rebasado todas las expectativas que nos hubi\u00e9semos imaginado, generalmente yo recolecto ente 25, 30 hasta 35 toneladas de basura en d\u00edas normales, y fines de semana, cuando son festivos hasta 65 toneladas\u201d, expuso.<\/p>\n\n\n\n<p>Record\u00f3 que con otros huracanes que han llegado a Acapulco como \u00c1gata y Boni que pegaron en 2022 y 2021, llegaron a recabar 125 toneladas de basura en una sola noche, \u00abpero Otis dej\u00f3 un aproximado de entre 6 mil y 7 mil toneladas de desechos que aun se encuentran en la franja de arena y en s\u00ed en todo el puerto de Acapulco, esto representa dos a\u00f1os de basura que se pudiesen recolectar entre el municipio y la Promotora de Playas.<\/p>\n\n\n\n<p>Calific\u00f3 como \u201ctit\u00e1nica\u201d la labor, para recuperar lo que llam\u00f3 \u00abla ventana ecol\u00f3gica\u00bb que va desde el Cristal Beach hasta lo que es la parte del golfito, en donde ya hay personas instaladas en la playa, pero se contin\u00faa trabajado en la recolecci\u00f3n de los desechos que dej\u00f3 Otis.<\/p>\n\n\n\n<p>Lacunza De la Cruz agreg\u00f3 que la Costera Miguel Alem\u00e1n ya se encuentra rehabilitada, y queda pendiente a\u00fan desde el z\u00f3calo hasta Caleta por concluir con la labores de limpieza, donde existen partes muy focalizadas, ya que aun hay escombro y ramas, aunado a la playa Manzanillo, \u201cdonde pr\u00e1cticamente es un cementerio de embarcaciones\u201d.<\/p>\n\n\n\n<p>Con todo y lo complicado que ha sido para las instituciones, dijo el funcionario, la zona costera esta rehabilitada en un 95 por ciento, mientras que en la playa se est\u00e1n haciendo trabajos de nivelaci\u00f3n por algunos socavones que se registraron desde la zona del restaurante Los An\u00e1fres hasta lo que son Las Hamacas, y tiene previsto seguir avanzado con maquinaria pesada que es la que utilizan para realizar el trabajo de limpieza, \u201clas banquetas las estamos liberando, hay libre tr\u00e1nsito, podemos ver que se est\u00e1 recuperando para alistarse y empezar a recibir a los turistas\u201d<\/p>\n\n\n\n<p>Dijo que una de las tareas m\u00e1s complicadas que han realizado, fue el sacar de la franja de arena a dos veh\u00edculos que se encontraban semienterrados, uno de ellos fue colocado en las inmediaciones de la Asta Bandera, para que el propietario lo reclame o en su defecto la aseguradora; otro m\u00e1s fue colocado entre Playa Suites y Bugambilias.<\/p>\n","protected":false},"excerpt":{"rendered":"<p>Rosario Garc\u00eda Orozco Chilpancingo, Gro., 15 de noviembre de 2023.- El paso del hurac\u00e1n Otis por Acapulco, dej\u00f3 s\u00f3lo en la franja costera entre 6 y 7 mil toneladas de&hellip; <\/p>\n","protected":false},"author":14,"featured_media":70876,"comment_status":"open","ping_status":"open","sticky":false,"template":"","format":"standard","meta":{"fifu_image_url":"","fifu_image_alt":"","footnotes":""},"categories":[242],"tags":[],"class_list":["post-71045","post","type-post","status-publish","format-standard","has-post-thumbnail","hentry","category-acapulco"],"_links":{"self":[{"href":"https:\/\/www.interaccionnoticias.com.mx\/index.php?rest_route=\/wp\/v2\/posts\/71045","targetHints":{"allow":["GET"]}}],"collection":[{"href":"https:\/\/www.interaccionnoticias.com.mx\/index.php?rest_route=\/wp\/v2\/posts"}],"about":[{"href":"https:\/\/www.interaccionnoticias.com.mx\/index.php?rest_route=\/wp\/v2\/types\/post"}],"author":[{"embeddable":true,"href":"https:\/\/www.interaccionnoticias.com.mx\/index.php?rest_route=\/wp\/v2\/users\/14"}],"replies":[{"embeddable":true,"href":"https:\/\/www.interaccionnoticias.com.mx\/index.php?rest_route=%2Fwp%2Fv2%2Fcomments&post=71045"}],"version-history":[{"count":1,"href":"https:\/\/www.interaccionnoticias.com.mx\/index.php?rest_route=\/wp\/v2\/posts\/71045\/revisions"}],"predecessor-version":[{"id":71046,"href":"https:\/\/www.interaccionnoticias.com.mx\/index.php?rest_route=\/wp\/v2\/posts\/71045\/revisions\/71046"}],"wp:featuredmedia":[{"embeddable":true,"href":"https:\/\/www.interaccionnoticias.com.mx\/index.php?rest_route=\/wp\/v2\/media\/70876"}],"wp:attachment":[{"href":"https:\/\/www.interaccionnoticias.com.mx\/index.php?rest_route=%2Fwp%2Fv2%2Fmedia&parent=71045"}],"wp:term":[{"taxonomy":"category","embeddable":true,"href":"https:\/\/www.interaccionnoticias.com.mx\/index.php?rest_route=%2Fwp%2Fv2%2Fcategories&post=71045"},{"taxonomy":"post_tag","embeddable":true,"href":"https:\/\/www.interaccionnoticias.com.mx\/index.php?rest_route=%2Fwp%2Fv2%2Ftags&post=71045"}],"curies":[{"name":"wp","href":"https:\/\/api.w.org\/{rel}","templated":true}]}}