{"id":71042,"date":"2023-11-15T15:55:16","date_gmt":"2023-11-15T21:55:16","guid":{"rendered":"https:\/\/interaccionnoticias.com.mx\/?p=71042"},"modified":"2023-11-15T15:55:19","modified_gmt":"2023-11-15T21:55:19","slug":"anuncia-oxxo-la-reapertura-de-14-tiendas-en-acapulco","status":"publish","type":"post","link":"https:\/\/www.interaccionnoticias.com.mx\/?p=71042","title":{"rendered":"Anuncia Oxxo la reapertura de 14 tiendas en Acapulco"},"content":{"rendered":"\n<p><strong><em>&#8212; A 22 d\u00edas del impacto del hurac\u00e1n Otis y de los saqueos que afectaron la mayor\u00eda de sus sucursales<\/em><\/strong><\/p>\n\n\n\n<p><strong>Jes\u00fas Dorantes<\/strong><\/p>\n\n\n\n<p><strong>Chilpancingo, Gro.-<\/strong> La cadena de tiendas Oxxo anunci\u00f3 la reapertura de 14 de sus establecimientos en el puerto de Acapulco, a tres semanas del paso del hurac\u00e1n Otis y de los saqueos que se realizaron en cuanto ces\u00f3 la lluvia.<\/p>\n\n\n\n<p>En su cuenta oficial la gobernadora Evelyn Salgado Pineda inform\u00f3 que como parte de la recuperaci\u00f3n de Acapulco la cadena Oxxo reabrir\u00e1 sus tiendas \u201cFamilias acapulque\u00f1as, con entusiasmo comparto con ustedes la reapertura de 14 tiendas OXXO en nuestro querido Acapulco, un paso crucial en la recuperaci\u00f3n tras el hurac\u00e1n \u201cOtis\u201d.<\/p>\n\n\n\n<p>Adem\u00e1s la mandataria guerrerense destac\u00f3 que no solamente se va a tener acceso a productos de primera necesidad sino que tambi\u00e9n se reactivar\u00edan los empleos que generaban estas tiendas.<\/p>\n\n\n\n<p>Las sucursales que ser\u00e1n abiertas son Costera 125, Calidad, La Quebradora, Plaza Constituyentes, Roca Sola, Baby O, Cristobal Colon, Plaza Francia, Torre Acapulco, Tropicano, Vasco de Gama, Torre Paladio, Condesa y Artesan\u00edas.<\/p>\n\n\n\n<p>Durante los saqueos que se registraron tras el paso del hurac\u00e1n las tiendas Oxxo fueron de las m\u00e1s afectadas, debido a que las personas rompieron cristales y forzaron puertas para poder ingresar para sustraer productos, refrigeradores y hasta computadoras que se usaban para el cobro.<\/p>\n","protected":false},"excerpt":{"rendered":"<p>&#8212; A 22 d\u00edas del impacto del hurac\u00e1n Otis y de los saqueos que afectaron la mayor\u00eda de sus sucursales Jes\u00fas Dorantes Chilpancingo, Gro.- La cadena de tiendas Oxxo anunci\u00f3&hellip; <\/p>\n","protected":false},"author":8,"featured_media":71043,"comment_status":"open","ping_status":"open","sticky":false,"template":"","format":"standard","meta":{"fifu_image_url":"","fifu_image_alt":"","footnotes":""},"categories":[242],"tags":[],"class_list":["post-71042","post","type-post","status-publish","format-standard","has-post-thumbnail","hentry","category-acapulco"],"_links":{"self":[{"href":"https:\/\/www.interaccionnoticias.com.mx\/index.php?rest_route=\/wp\/v2\/posts\/71042","targetHints":{"allow":["GET"]}}],"collection":[{"href":"https:\/\/www.interaccionnoticias.com.mx\/index.php?rest_route=\/wp\/v2\/posts"}],"about":[{"href":"https:\/\/www.interaccionnoticias.com.mx\/index.php?rest_route=\/wp\/v2\/types\/post"}],"author":[{"embeddable":true,"href":"https:\/\/www.interaccionnoticias.com.mx\/index.php?rest_route=\/wp\/v2\/users\/8"}],"replies":[{"embeddable":true,"href":"https:\/\/www.interaccionnoticias.com.mx\/index.php?rest_route=%2Fwp%2Fv2%2Fcomments&post=71042"}],"version-history":[{"count":1,"href":"https:\/\/www.interaccionnoticias.com.mx\/index.php?rest_route=\/wp\/v2\/posts\/71042\/revisions"}],"predecessor-version":[{"id":71044,"href":"https:\/\/www.interaccionnoticias.com.mx\/index.php?rest_route=\/wp\/v2\/posts\/71042\/revisions\/71044"}],"wp:featuredmedia":[{"embeddable":true,"href":"https:\/\/www.interaccionnoticias.com.mx\/index.php?rest_route=\/wp\/v2\/media\/71043"}],"wp:attachment":[{"href":"https:\/\/www.interaccionnoticias.com.mx\/index.php?rest_route=%2Fwp%2Fv2%2Fmedia&parent=71042"}],"wp:term":[{"taxonomy":"category","embeddable":true,"href":"https:\/\/www.interaccionnoticias.com.mx\/index.php?rest_route=%2Fwp%2Fv2%2Fcategories&post=71042"},{"taxonomy":"post_tag","embeddable":true,"href":"https:\/\/www.interaccionnoticias.com.mx\/index.php?rest_route=%2Fwp%2Fv2%2Ftags&post=71042"}],"curies":[{"name":"wp","href":"https:\/\/api.w.org\/{rel}","templated":true}]}}