{"id":71032,"date":"2023-11-15T14:35:56","date_gmt":"2023-11-15T20:35:56","guid":{"rendered":"https:\/\/interaccionnoticias.com.mx\/?p=71032"},"modified":"2023-11-15T14:35:57","modified_gmt":"2023-11-15T20:35:57","slug":"en-chilpancingo-no-hubo-oficialmente-temporada-de-lluvias-2023","status":"publish","type":"post","link":"https:\/\/www.interaccionnoticias.com.mx\/?p=71032","title":{"rendered":"En Chilpancingo no hubo oficialmente temporada de lluvias 2023"},"content":{"rendered":"\n<p><strong><em>&#8212; Las precipitaciones que llegaron, fueron remanentes de tormentas tropicales y huracanes, entre ellos \u201cOtis\u201d<br>&#8212; En 2022, en la \u00faltima semana de mayo las lluvias ya estaban a toda su capacidad<\/em><\/strong><\/p>\n\n\n\n<p><strong>Rogelio Agust\u00edn<\/strong><\/p>\n\n\n\n<p>El director de la Comisi\u00f3n de Agua Potable y Alcantarillado para Chilpancingo (CAPACH), Carlos Balbuena Schiaffini sostuvo que en la capital del estado oficialmente no ha comenzado la temporada de lluvias 2023, pues las precipitaciones que se han registrado, en realidad son remanentes de tormentas tropicales y huracanes.<\/p>\n\n\n\n<p>El funcionario se\u00f1al\u00f3 que la capital del estado y su zona rural vive un momento muy complicado en materia de estiaje, ya que no se tienen precipitaciones regulares, como s\u00ed sucedi\u00f3 en a\u00f1os anteriores.<\/p>\n\n\n\n<p>\u201cLa verdad es que este 2023 nos peg\u00f3 muy duro y nos sigue pegando dr\u00e1sticamente la temporada de lluvias, que no ha iniciado y no va a iniciar\u201d, asegur\u00f3 el funcionario.<\/p>\n\n\n\n<p>Dijo que las precipitaciones que llegaron, en realidad fueron los remanentes de fen\u00f3menos hidrometeorol\u00f3gicos que se presentaron en las \u00faltimas semanas, entre ellas el hurac\u00e1n Otis, que devast\u00f3 al puerto de Acapulco y Coyuca Ben\u00edtez.<\/p>\n\n\n\n<p>A manera de ejemplo refiri\u00f3: \u201cEn 2022 ya ten\u00edamos las lluvias en todo su apogeo en la ultima semana de mayo, pero en este, era junio y nuestros sistema de abastecimiento de Omiltemi (ubicado en la Sierra) se encontraba cero\u201d.<\/p>\n\n\n\n<p>A pesar de la tragedia que represent\u00f3 el hurac\u00e1n tipo 5 para otros municipios, en Chilpancingo los sistemas de Acahuicotla, Mochitl\u00e1n y Omiltemi actualmente se encuentran en un 90 porciento de su capacidad.<\/p>\n\n\n\n<p>Sin embargo, record\u00f3 que de toda el agua que llega a la capital de Guerrero, el 38 porciento se pierde en fugas, derivado de que el sistema de tuber\u00edas se encuentra ya muy afectado, lo que agudiza el problema.<\/p>\n","protected":false},"excerpt":{"rendered":"<p>&#8212; Las precipitaciones que llegaron, fueron remanentes de tormentas tropicales y huracanes, entre ellos \u201cOtis\u201d&#8212; En 2022, en la \u00faltima semana de mayo las lluvias ya estaban a toda su&hellip; <\/p>\n","protected":false},"author":21,"featured_media":71033,"comment_status":"open","ping_status":"open","sticky":false,"template":"","format":"standard","meta":{"fifu_image_url":"","fifu_image_alt":"","footnotes":""},"categories":[13],"tags":[],"class_list":["post-71032","post","type-post","status-publish","format-standard","has-post-thumbnail","hentry","category-capital"],"_links":{"self":[{"href":"https:\/\/www.interaccionnoticias.com.mx\/index.php?rest_route=\/wp\/v2\/posts\/71032","targetHints":{"allow":["GET"]}}],"collection":[{"href":"https:\/\/www.interaccionnoticias.com.mx\/index.php?rest_route=\/wp\/v2\/posts"}],"about":[{"href":"https:\/\/www.interaccionnoticias.com.mx\/index.php?rest_route=\/wp\/v2\/types\/post"}],"author":[{"embeddable":true,"href":"https:\/\/www.interaccionnoticias.com.mx\/index.php?rest_route=\/wp\/v2\/users\/21"}],"replies":[{"embeddable":true,"href":"https:\/\/www.interaccionnoticias.com.mx\/index.php?rest_route=%2Fwp%2Fv2%2Fcomments&post=71032"}],"version-history":[{"count":1,"href":"https:\/\/www.interaccionnoticias.com.mx\/index.php?rest_route=\/wp\/v2\/posts\/71032\/revisions"}],"predecessor-version":[{"id":71034,"href":"https:\/\/www.interaccionnoticias.com.mx\/index.php?rest_route=\/wp\/v2\/posts\/71032\/revisions\/71034"}],"wp:featuredmedia":[{"embeddable":true,"href":"https:\/\/www.interaccionnoticias.com.mx\/index.php?rest_route=\/wp\/v2\/media\/71033"}],"wp:attachment":[{"href":"https:\/\/www.interaccionnoticias.com.mx\/index.php?rest_route=%2Fwp%2Fv2%2Fmedia&parent=71032"}],"wp:term":[{"taxonomy":"category","embeddable":true,"href":"https:\/\/www.interaccionnoticias.com.mx\/index.php?rest_route=%2Fwp%2Fv2%2Fcategories&post=71032"},{"taxonomy":"post_tag","embeddable":true,"href":"https:\/\/www.interaccionnoticias.com.mx\/index.php?rest_route=%2Fwp%2Fv2%2Ftags&post=71032"}],"curies":[{"name":"wp","href":"https:\/\/api.w.org\/{rel}","templated":true}]}}