{"id":7097,"date":"2017-08-10T17:20:02","date_gmt":"2017-08-10T22:20:02","guid":{"rendered":"http:\/\/www.inter-accion.com.mx\/?p=7097"},"modified":"2017-08-10T17:20:02","modified_gmt":"2017-08-10T22:20:02","slug":"analiza-inah-cambiar-campana-bicentenaria-de-catedral-de-chilpancingo","status":"publish","type":"post","link":"https:\/\/www.interaccionnoticias.com.mx\/?p=7097","title":{"rendered":"Analiza INAH cambiar campana bicentenaria de Catedral de Chilpancingo"},"content":{"rendered":"<p><strong>Fue colocada 64 a\u00f1os antes de la instalaci\u00f3n del Primer Congreso de An\u00e1huac<\/strong><br \/>\n<strong>Chilpancingo, 10 de agosto de 2017.-<\/strong> La delegada del Instituto Nacional de Antropolog\u00eda e Historia (INAH) en Guerrero, Blanca Jim\u00e9nez Padilla dijo que hay posibilidad de que una campana de m\u00e1s de 250 a\u00f1os de antig\u00fcedad, pueda ser sustituida de la Catedral de Santa Mar\u00eda de la Asunci\u00f3n.<br \/>\nUn relieve en la pieza met\u00e1lica, se\u00f1ala que la campana fue construida en 1749, es decir 64 a\u00f1os antes de la instalaci\u00f3n del Primer Congreso de An\u00e1huac, donde se declar\u00f3 la independencia de la Am\u00e9rica Septentrional del trono espa\u00f1ol.<br \/>\nLa semana pasada, a petici\u00f3n del vocero de la Di\u00f3cesis de Chilpancingo-Chilapa, Benito Cuenca Mayo, el arquitecto Marco Antonio Romero Torralva, acudi\u00f3 a realizar una visita t\u00e9cnica de supervisi\u00f3n a la catedral.<br \/>\nA trav\u00e9s de ese dictamen, se constat\u00f3 que el objeto met\u00e1lico localizado en la torre sur de mediados del siglo 18, presenta una fisura de por lo menos 40 cent\u00edmetros.<br \/>\nLa campana, est\u00e1 hecha a base de bronce, esta\u00f1o y cantidades m\u00ednimas de oro y plata, seg\u00fan relat\u00f3 el vocero diocesano.<br \/>\nLa delegada del INAH, se\u00f1al\u00f3 que la pieza de metal de media tonelada de peso, no representa ning\u00fan riesgo de que pueda caer, sin embargo, el encargado de la parroquia manifest\u00f3 que la intensi\u00f3n es que pueda ser sustituida por una nueva.<br \/>\nDijo que la di\u00f3cesis debe solicitar por escrito, la intervenci\u00f3n del INAH, para que este a su vez consulte con la Coordinaci\u00f3n Nacional de Monumentos Hist\u00f3ricos, y crear un plan t\u00e9cnico para el retiro de la campana.<br \/>\nJim\u00e9nez Padilla mencion\u00f3 que por su antig\u00fcedad, desde antes de la instalaci\u00f3n Primer Congreso de An\u00e1huac, se ha platicado de que el objeto de metal pueda ser restaurado y permanezca en el atrio de la catedral para ser exhibida.<\/p>\n","protected":false},"excerpt":{"rendered":"<p>Fue colocada 64 a\u00f1os antes de la instalaci\u00f3n del Primer Congreso de An\u00e1huac Chilpancingo, 10 de agosto de 2017.- La delegada del Instituto Nacional de Antropolog\u00eda e Historia (INAH) en&hellip; <\/p>\n","protected":false},"author":1,"featured_media":0,"comment_status":"closed","ping_status":"closed","sticky":false,"template":"","format":"standard","meta":{"fifu_image_url":"","fifu_image_alt":"","footnotes":""},"categories":[13,8],"tags":[],"class_list":["post-7097","post","type-post","status-publish","format-standard","hentry","category-capital","category-featured"],"_links":{"self":[{"href":"https:\/\/www.interaccionnoticias.com.mx\/index.php?rest_route=\/wp\/v2\/posts\/7097","targetHints":{"allow":["GET"]}}],"collection":[{"href":"https:\/\/www.interaccionnoticias.com.mx\/index.php?rest_route=\/wp\/v2\/posts"}],"about":[{"href":"https:\/\/www.interaccionnoticias.com.mx\/index.php?rest_route=\/wp\/v2\/types\/post"}],"author":[{"embeddable":true,"href":"https:\/\/www.interaccionnoticias.com.mx\/index.php?rest_route=\/wp\/v2\/users\/1"}],"replies":[{"embeddable":true,"href":"https:\/\/www.interaccionnoticias.com.mx\/index.php?rest_route=%2Fwp%2Fv2%2Fcomments&post=7097"}],"version-history":[{"count":0,"href":"https:\/\/www.interaccionnoticias.com.mx\/index.php?rest_route=\/wp\/v2\/posts\/7097\/revisions"}],"wp:attachment":[{"href":"https:\/\/www.interaccionnoticias.com.mx\/index.php?rest_route=%2Fwp%2Fv2%2Fmedia&parent=7097"}],"wp:term":[{"taxonomy":"category","embeddable":true,"href":"https:\/\/www.interaccionnoticias.com.mx\/index.php?rest_route=%2Fwp%2Fv2%2Fcategories&post=7097"},{"taxonomy":"post_tag","embeddable":true,"href":"https:\/\/www.interaccionnoticias.com.mx\/index.php?rest_route=%2Fwp%2Fv2%2Ftags&post=7097"}],"curies":[{"name":"wp","href":"https:\/\/api.w.org\/{rel}","templated":true}]}}