{"id":70964,"date":"2023-11-13T19:52:49","date_gmt":"2023-11-14T01:52:49","guid":{"rendered":"https:\/\/interaccionnoticias.com.mx\/?p=70964"},"modified":"2023-11-13T19:52:51","modified_gmt":"2023-11-14T01:52:51","slug":"por-otis-se-podria-reducir-el-periodo-vacacional-decembrino-en-escuelas-de-acapulco-y-coyuca-de-benitez","status":"publish","type":"post","link":"https:\/\/www.interaccionnoticias.com.mx\/?p=70964","title":{"rendered":"Por \u201cOtis\u201d, se podr\u00eda reducir el periodo vacacional decembrino en escuelas de Acapulco y Coyuca de Ben\u00edtez"},"content":{"rendered":"\n<p><strong><em>&#8212; Son 200 mil estudiantes que llevan tres semanas sin clases<br>&#8212; Tambi\u00e9n se analiza la posibilidad de trabajar los s\u00e1bados, para reponeer las clases perdidas<\/em><\/strong><\/p>\n\n\n\n<p><strong>Rogelio Agust\u00edn<\/strong><\/p>\n\n\n\n<p>El titular de la Secretar\u00eda de Educaci\u00f3n Guerrero (SEG), Marcial Rodr\u00edguez Salda\u00f1a indic\u00f3 que son por lo menos 200 mil alumnos los que llevan m\u00e1s de tres semanas de clases perdidas a consecuencia del hurac\u00e1n Otis, en Acapulco y Coyuca de Ben\u00edtez, por lo que ya se analiza la forma en que se habr\u00e1 de recuperar el tiempo perdido.<\/p>\n\n\n\n<p>Rodr\u00edguez Salda\u00f1a confirm\u00f3 que la determinaci\u00f3n de mantener la suspensi\u00f3n de clases para la semana comprendida del 13 al 17 de noviembre, tiene la intenci\u00f3n de garantizar la integridad de la comunidad escolar y la planta docente en los municipios m\u00e1s afectados por el hurac\u00e1n.<\/p>\n\n\n\n<p>Explic\u00f3 que se tiene la intenci\u00f3n de garantizar que las familias en Acapulco y Coyuca de Ben\u00edtez los domicilios tengan los servcios elementales, como el suministro de energ\u00eda el\u00e9ctrica, abasto de agua y los drenajes debidamente conectados.<\/p>\n\n\n\n<p>A estas alturas ya se tiene un registro de 379 escuelas con da\u00f1os provocados por el hurac\u00e1n, de ellas se han visitado 151 pero todav\u00eda no se tiene el dato de cuantas se encuentran en situaci\u00f3n de p\u00e9rdida total.<\/p>\n\n\n\n<p>A pregunta expresa, dijo que en Acapulco y Coyuca se tiene una estimaci\u00f3n de por lo menos 200 mil alumnos que desde hace tres semanas no tienen clases, a consecuencia del hurac\u00e1n Otis.<\/p>\n\n\n\n<p>Insisti\u00f3 en que lo principal es garantizar la integridad de los alumnos, los trabajadores y sus profesores.<\/p>\n\n\n\n<p>Anticip\u00f3 que seguramente el regreso a clases ser\u00e1 paulatino, diferenciado, con la posibilidad de que se trabaje los fines de semana o que se acorte el periodo vacacional de fin de a\u00f1o.<\/p>\n\n\n\n<p>En todo caso, aclar\u00f3 que la estrategia que se implemente para regresar recuperar el tiempo, deber\u00e1 ser producto del consenso entre directores, maestros, padres de familia y la propia Secretar\u00eda de Educaci\u00f3n.<\/p>\n","protected":false},"excerpt":{"rendered":"<p>&#8212; Son 200 mil estudiantes que llevan tres semanas sin clases&#8212; Tambi\u00e9n se analiza la posibilidad de trabajar los s\u00e1bados, para reponeer las clases perdidas Rogelio Agust\u00edn El titular de&hellip; <\/p>\n","protected":false},"author":21,"featured_media":70910,"comment_status":"open","ping_status":"open","sticky":false,"template":"","format":"standard","meta":{"fifu_image_url":"","fifu_image_alt":"","footnotes":""},"categories":[6],"tags":[],"class_list":["post-70964","post","type-post","status-publish","format-standard","has-post-thumbnail","hentry","category-educacion"],"_links":{"self":[{"href":"https:\/\/www.interaccionnoticias.com.mx\/index.php?rest_route=\/wp\/v2\/posts\/70964","targetHints":{"allow":["GET"]}}],"collection":[{"href":"https:\/\/www.interaccionnoticias.com.mx\/index.php?rest_route=\/wp\/v2\/posts"}],"about":[{"href":"https:\/\/www.interaccionnoticias.com.mx\/index.php?rest_route=\/wp\/v2\/types\/post"}],"author":[{"embeddable":true,"href":"https:\/\/www.interaccionnoticias.com.mx\/index.php?rest_route=\/wp\/v2\/users\/21"}],"replies":[{"embeddable":true,"href":"https:\/\/www.interaccionnoticias.com.mx\/index.php?rest_route=%2Fwp%2Fv2%2Fcomments&post=70964"}],"version-history":[{"count":1,"href":"https:\/\/www.interaccionnoticias.com.mx\/index.php?rest_route=\/wp\/v2\/posts\/70964\/revisions"}],"predecessor-version":[{"id":70965,"href":"https:\/\/www.interaccionnoticias.com.mx\/index.php?rest_route=\/wp\/v2\/posts\/70964\/revisions\/70965"}],"wp:featuredmedia":[{"embeddable":true,"href":"https:\/\/www.interaccionnoticias.com.mx\/index.php?rest_route=\/wp\/v2\/media\/70910"}],"wp:attachment":[{"href":"https:\/\/www.interaccionnoticias.com.mx\/index.php?rest_route=%2Fwp%2Fv2%2Fmedia&parent=70964"}],"wp:term":[{"taxonomy":"category","embeddable":true,"href":"https:\/\/www.interaccionnoticias.com.mx\/index.php?rest_route=%2Fwp%2Fv2%2Fcategories&post=70964"},{"taxonomy":"post_tag","embeddable":true,"href":"https:\/\/www.interaccionnoticias.com.mx\/index.php?rest_route=%2Fwp%2Fv2%2Ftags&post=70964"}],"curies":[{"name":"wp","href":"https:\/\/api.w.org\/{rel}","templated":true}]}}