{"id":70902,"date":"2023-11-12T17:16:41","date_gmt":"2023-11-12T23:16:41","guid":{"rendered":"https:\/\/interaccionnoticias.com.mx\/?p=70902"},"modified":"2023-11-12T17:16:43","modified_gmt":"2023-11-12T23:16:43","slug":"el-costo-del-pasaje-en-el-transporte-publico-en-acapulco-incremento-tras-el-paso-del-huracan","status":"publish","type":"post","link":"https:\/\/www.interaccionnoticias.com.mx\/?p=70902","title":{"rendered":"El costo del pasaje en el transporte p\u00fablico en Acapulco incremento tras el paso del hurac\u00e1n"},"content":{"rendered":"\n<p><strong><em>&#8212; Habr\u00e1 sanciones ante el incremento de las tarifas, dice la Comisi\u00f3n T\u00e9cnica de Transporte y Vialidad Estatal<\/em><\/strong><\/p>\n\n\n\n<p><strong>Yasm\u00edn Garc\u00eda<\/strong><\/p>\n\n\n\n<p><strong>Chilpancingo, 12 de noviembre 2023.- <\/strong>Transportistas de Acapulco incrementaron el costo del pasaje tras el hurac\u00e1n Otis, el servicio se ha restablecido en un 70 por ciento.<\/p>\n\n\n\n<p>Los colectivos de las rutas Renacimiento-Costera incrementaron su tarifa antes de Otis la tarifa era de 20 pesos por persona mientras que tras el paso del hurac\u00e1n la tarifa increment\u00f3 a 50 pesos, mientras que los camiones de la ruta Base Naval-Caleta y Base Naval-Garita era de 12 pesos ahora es de 20.<\/p>\n\n\n\n<p>Arturo Salinas Sandoval, Director General de la Comisi\u00f3n T\u00e9cnica de Transporte y Vialidad del Gobierno del Estado, asegur\u00f3 que el incremento del pasaje no est\u00e1 autorizado por lo que sancionaran a los transportistas que eleven las tarifas.<\/p>\n\n\n\n<p>Explic\u00f3 que la sanci\u00f3n corresponde a 10 UMAS multiplicado por el salario m\u00ednimo, s\u00ed el infractor vuelve a reincidir se duplica la sanci\u00f3n y s\u00ed existe una tercera ocasi\u00f3n proceden a retener la unidad.<\/p>\n\n\n\n<p>El servicio del transporte p\u00fablico se ha restablecido en un 70% y no en un 100% debido a que algunos trabajadores del volante perdieron sus unidades y sus viviendas con el paso del hurac\u00e1n.<\/p>\n\n\n\n<p>\u201cEl problema es sumamente grave, hasta el personal sufri\u00f3 da\u00f1os los inspectores el personal administrativo de Acapulco resultaron afectados en sus domicilios, fue dif\u00edcil reunirlos a todos algunos est\u00e1n refugiados en otros lugares, los inspectores se est\u00e1n reactivando para evitar la elevaci\u00f3n de tarifas, tambi\u00e9n entendemos que la gasolina elev\u00f3 su precio porque no hab\u00eda\u201d, recalc\u00f3 Salinas Sandoval.<\/p>\n\n\n\n<p>El titular de la Comisi\u00f3n T\u00e9cnica de Transporte y Vialidad pidi\u00f3 al gremio del transporte ser solidarios con la poblaci\u00f3n y no incrementar la tarifa del pasaje. Destac\u00f3 que han entregado despensas a los trabajadores del volante de Acapulco tras el paso del hurac\u00e1n.<\/p>\n","protected":false},"excerpt":{"rendered":"<p>&#8212; Habr\u00e1 sanciones ante el incremento de las tarifas, dice la Comisi\u00f3n T\u00e9cnica de Transporte y Vialidad Estatal Yasm\u00edn Garc\u00eda Chilpancingo, 12 de noviembre 2023.- Transportistas de Acapulco incrementaron el&hellip; <\/p>\n","protected":false},"author":32,"featured_media":70903,"comment_status":"open","ping_status":"open","sticky":false,"template":"","format":"standard","meta":{"fifu_image_url":"","fifu_image_alt":"","footnotes":""},"categories":[242],"tags":[],"class_list":["post-70902","post","type-post","status-publish","format-standard","has-post-thumbnail","hentry","category-acapulco"],"_links":{"self":[{"href":"https:\/\/www.interaccionnoticias.com.mx\/index.php?rest_route=\/wp\/v2\/posts\/70902","targetHints":{"allow":["GET"]}}],"collection":[{"href":"https:\/\/www.interaccionnoticias.com.mx\/index.php?rest_route=\/wp\/v2\/posts"}],"about":[{"href":"https:\/\/www.interaccionnoticias.com.mx\/index.php?rest_route=\/wp\/v2\/types\/post"}],"author":[{"embeddable":true,"href":"https:\/\/www.interaccionnoticias.com.mx\/index.php?rest_route=\/wp\/v2\/users\/32"}],"replies":[{"embeddable":true,"href":"https:\/\/www.interaccionnoticias.com.mx\/index.php?rest_route=%2Fwp%2Fv2%2Fcomments&post=70902"}],"version-history":[{"count":1,"href":"https:\/\/www.interaccionnoticias.com.mx\/index.php?rest_route=\/wp\/v2\/posts\/70902\/revisions"}],"predecessor-version":[{"id":70904,"href":"https:\/\/www.interaccionnoticias.com.mx\/index.php?rest_route=\/wp\/v2\/posts\/70902\/revisions\/70904"}],"wp:featuredmedia":[{"embeddable":true,"href":"https:\/\/www.interaccionnoticias.com.mx\/index.php?rest_route=\/wp\/v2\/media\/70903"}],"wp:attachment":[{"href":"https:\/\/www.interaccionnoticias.com.mx\/index.php?rest_route=%2Fwp%2Fv2%2Fmedia&parent=70902"}],"wp:term":[{"taxonomy":"category","embeddable":true,"href":"https:\/\/www.interaccionnoticias.com.mx\/index.php?rest_route=%2Fwp%2Fv2%2Fcategories&post=70902"},{"taxonomy":"post_tag","embeddable":true,"href":"https:\/\/www.interaccionnoticias.com.mx\/index.php?rest_route=%2Fwp%2Fv2%2Ftags&post=70902"}],"curies":[{"name":"wp","href":"https:\/\/api.w.org\/{rel}","templated":true}]}}