{"id":7085,"date":"2017-08-10T15:30:57","date_gmt":"2017-08-10T20:30:57","guid":{"rendered":"http:\/\/www.inter-accion.com.mx\/?p=7085"},"modified":"2017-08-10T15:30:57","modified_gmt":"2017-08-10T20:30:57","slug":"con-festival-de-poesia-buscan-antidoto-para-revertir-la-cultura-del-crimen-en-chilpancingo","status":"publish","type":"post","link":"https:\/\/www.interaccionnoticias.com.mx\/?p=7085","title":{"rendered":"Con festival de poes\u00eda, buscan ant\u00eddoto para revertir la cultura del crimen en Chilpancingo"},"content":{"rendered":"<p><strong>Este viernes arranca el festival conocido como \u201cEl Avispero\u201d&nbsp;&nbsp;&nbsp;&nbsp;<\/strong><br \/>\nComo parte del proceso de recuperaci\u00f3n del tejido social, da\u00f1ado por la actuaci\u00f3n de la delincuencia organizada, este viernes se pondr\u00e1 en marcha el festival de poes\u00eda conocido como \u201cEl Avispero\u201d, en el que participan creadores de diferentes pa\u00edses del continente americano.<br \/>\nMauricio Leyva, titular de la Secretar\u00eda de Cultura en el estado de Guerrero, indic\u00f3 que el encuentro de poes\u00eda forma parte de los esfuerzos que se impulsan desde la sociedad y los tres niveles de gobierno para recuperar el nivel de convivencia que hasta hace algunos a\u00f1os se ten\u00eda en la capital de Guerrero, antes de que se agudizara la violencia provocada por el crimen organizado.<br \/>\nEl funcionario record\u00f3 que en 2016 ya hubo una primera edici\u00f3n de \u201cEl Avispero\u201d, con un resultado sumamente positivo.<br \/>\nRecord\u00f3 que hasta la d\u00e9cada de los 80\u00b4s, Chilpancingo era una de las cinco ciudades con mayor actividad cultural del pa\u00eds, sin embargo, algo pas\u00f3 durante los \u00faltimos a\u00f1os que provoc\u00f3 que se perdiera dicho ritmo de trabajo en esa materia.<br \/>\nAunque reconoci\u00f3 que hay sectores que cuestionan la posibilidad de que la cultura contribuya con la erradicaci\u00f3n de los niveles de violencia, el funcionario sostuvo que junto con la educaci\u00f3n, es de las herramientas m\u00e1s efectivas que se tienen para superar los momentos dif\u00edciles que se enfrentan.<br \/>\nEl festival que inicia este viernes culminar\u00e1 el pr\u00f3ximo domingo, en \u00e9l participan creadores reconocidos a nivel internacional como Fernando Denis y Nadia Garrido, originarios de Colombia.<br \/>\nSin embargo, tambi\u00e9n se contar\u00e1 con la participaci\u00f3n de creadores nativos de Guerrero, como Carlos Fernando Ortiz y Eduardo A\u00f1orve, entre otros.<br \/>\n&nbsp;<\/p>\n","protected":false},"excerpt":{"rendered":"<p>Este viernes arranca el festival conocido como \u201cEl Avispero\u201d&nbsp;&nbsp;&nbsp;&nbsp; Como parte del proceso de recuperaci\u00f3n del tejido social, da\u00f1ado por la actuaci\u00f3n de la delincuencia organizada, este viernes se pondr\u00e1&hellip; <\/p>\n","protected":false},"author":1,"featured_media":0,"comment_status":"closed","ping_status":"closed","sticky":false,"template":"","format":"standard","meta":{"fifu_image_url":"","fifu_image_alt":"","footnotes":""},"categories":[13,8],"tags":[],"class_list":["post-7085","post","type-post","status-publish","format-standard","hentry","category-capital","category-featured"],"_links":{"self":[{"href":"https:\/\/www.interaccionnoticias.com.mx\/index.php?rest_route=\/wp\/v2\/posts\/7085","targetHints":{"allow":["GET"]}}],"collection":[{"href":"https:\/\/www.interaccionnoticias.com.mx\/index.php?rest_route=\/wp\/v2\/posts"}],"about":[{"href":"https:\/\/www.interaccionnoticias.com.mx\/index.php?rest_route=\/wp\/v2\/types\/post"}],"author":[{"embeddable":true,"href":"https:\/\/www.interaccionnoticias.com.mx\/index.php?rest_route=\/wp\/v2\/users\/1"}],"replies":[{"embeddable":true,"href":"https:\/\/www.interaccionnoticias.com.mx\/index.php?rest_route=%2Fwp%2Fv2%2Fcomments&post=7085"}],"version-history":[{"count":0,"href":"https:\/\/www.interaccionnoticias.com.mx\/index.php?rest_route=\/wp\/v2\/posts\/7085\/revisions"}],"wp:attachment":[{"href":"https:\/\/www.interaccionnoticias.com.mx\/index.php?rest_route=%2Fwp%2Fv2%2Fmedia&parent=7085"}],"wp:term":[{"taxonomy":"category","embeddable":true,"href":"https:\/\/www.interaccionnoticias.com.mx\/index.php?rest_route=%2Fwp%2Fv2%2Fcategories&post=7085"},{"taxonomy":"post_tag","embeddable":true,"href":"https:\/\/www.interaccionnoticias.com.mx\/index.php?rest_route=%2Fwp%2Fv2%2Ftags&post=7085"}],"curies":[{"name":"wp","href":"https:\/\/api.w.org\/{rel}","templated":true}]}}