{"id":70781,"date":"2023-11-09T12:42:00","date_gmt":"2023-11-09T18:42:00","guid":{"rendered":"https:\/\/interaccionnoticias.com.mx\/?p=70781"},"modified":"2023-11-09T20:27:49","modified_gmt":"2023-11-10T02:27:49","slug":"desmiente-fge-guerrero-video-de-supuesto-enfrentamiento-con-saldo-de-muertos-en-petatlan","status":"publish","type":"post","link":"https:\/\/www.interaccionnoticias.com.mx\/?p=70781","title":{"rendered":"Desmiente FGE-Guerrero video de supuesto enfrentamiento con saldo de muertos en Petatl\u00e1n"},"content":{"rendered":"\n<p><strong><em>&#8212; Las im\u00e1genes que se viralizaron, en realidad corresponden a un hecho registrado en Michoac\u00e1n, asegura la Fiscal\u00eda<br>&#8212; La manifestaci\u00f3n de los pueblos de la Sierra fue \u201cpoco usual\u201d, admiti\u00f3 el alcalde Javier Aguilar<\/em><\/strong><\/p>\n\n\n\n<p><strong>Rogelio Agust\u00edn<\/strong><\/p>\n\n\n\n<p>La Fiscal\u00eda General del Estado (FGE) rechaz\u00f3 que las im\u00e1genes difundidas en redes sociales y medios de comunicaci\u00f3n durante la jornada del mi\u00e9rcoles correspondan a un enfrentamiento armado con saldo de varios muertos en la cabecera municipal de Petatl\u00e1n, en realidad, lo dado a conocer corresponde a hechos registrados en el vecino estado de Michoac\u00e1n, en el a\u00f1o 2019.<\/p>\n\n\n\n<p>Durante la ma\u00f1ana y tarde del 8 de noviembre, en las redes sociales se difundi\u00f3 un video de 40 segundos, en el que se observa a varios hombres disparando armas de uso exclusivo, en tanto que dentro de una construcci\u00f3n se observa por lo menos a uno de ellos herido.<\/p>\n\n\n\n<p>En el cuadro de la toma se observa como los pistoleros se colocan en el marco de una puerta para disparar y se van colocando de manera ordenada para vaciar sus cargas.<\/p>\n\n\n\n<p>La confrontaci\u00f3n, se dijo que se habr\u00eda desatado luego de que un grupo de manifestantes tomara bajo su control el palacio municipal de Petatl\u00e1n.<\/p>\n\n\n\n<p>Posteriormente se dieron a conocer fotograf\u00edas de presuntos sicarios muertos, tirados en un piso de tierra y se suger\u00eda que ese era el saldo del enfrentamiento entre grupos de civiles armados.<\/p>\n\n\n\n<p>Poco antes de la media noche del 8 de noviembre, la Fiscal\u00eda de Guerrero emiti\u00f3 un comunicado en el que se\u00f1ala que personal de dicha instituci\u00f3n, adscrito a la Costa Grande inform\u00f3 que no tuvo informaci\u00f3n sobre un enfrentamiento de ese tipo.<\/p>\n\n\n\n<p>\u201cSe verific\u00f3 en el Hospital General de Petatl\u00e1n la existencia de personas heridas o fallecidas sin que se localizara alg\u00fan paciente lesionado por arma de fuego o decesos\u201d, se\u00f1ala el comunicado.<\/p>\n\n\n\n<p>Y concluye: \u201cSe tiene que las referidas publicaciones son falsas y que las im\u00e1genes donde aparecen personas sin vida corresponden a un enfrentamiento en Uruapan Michoac\u00e1n, en el a\u00f1o 2019\u201d.<\/p>\n\n\n\n<p>Luego, la FGE dirigi\u00f3 un exhorto a la poblaci\u00f3n para que no se deje enga\u00f1ar con informaci\u00f3n no ver\u00eddica que se cuelga en redes sociales, misma que reprocha: \u201cgenera un clima de incertidumbre, inseguridad y enga\u00f1o\u201d.<\/p>\n\n\n\n<p>El mismo mi\u00e9rcoles, el alcalde Javier Aguilar reconoci\u00f3 que el pasado martes, un grupo de pobladores de la ruta Santa Rosa-El Mameyal se present\u00f3 a realizar una manifestaci\u00f3n \u201cpoco usual\u201d en el Ayuntamiento de Petatl\u00e1n.<\/p>\n\n\n\n<p>Dicha manifestaci\u00f3n, de acuerdo con el alcalde: \u201cProvoc\u00f3 temor y una sensaci\u00f3n de inseguridad en la poblaci\u00f3n\u201d, por lo que los escuch\u00f3 y puso en contacto v\u00eda telef\u00f3nica con las autoridades correspondientes.<\/p>\n\n\n\n<p>El primer edil admiti\u00f3 que durante la protesta del martes hubo \u201cmomentos complicados, por tratarse de asuntos que no son de competencia municipal\u201d.<\/p>\n\n\n\n<p>Sin embargo, destac\u00f3 que para el mi\u00e9rcoles ya todo se encontraba en orden y que deseaba que las diferencias se resuelvan de maneta pac\u00edfica, siempre recurriendo al dialogo.<\/p>\n\n\n\n<p>\u201cQue toda la poblaci\u00f3n regrese a la normalidad\u201d, se\u00f1al\u00f3 el primer edil, para negar que haya en Petatl\u00e1n una suerte de toque de queda autoimpuesto entre los ciudadanos.<\/p>\n\n\n\n<div class=\"wp-block-jetpack-slideshow aligncenter\" data-effect=\"slide\"><div class=\"wp-block-jetpack-slideshow_container swiper-container\"><ul class=\"wp-block-jetpack-slideshow_swiper-wrapper swiper-wrapper\"><li class=\"wp-block-jetpack-slideshow_slide swiper-slide\"><figure><img decoding=\"async\" src=\"data:image\/gif;base64,R0lGODlhAQABAIAAAAAAAP\/\/\/ywAAAAAAQABAAACAUwAOw==\" fifu-lazy=\"1\" fifu-data-sizes=\"auto\" fifu-data-srcset=\"https:\/\/i3.wp.com\/interaccionnoticias.com.mx\/wp-content\/uploads\/2023\/11\/231109-Desmiente-FGE-Guerrero-792x1024.jpg?ssl=1&w=75&resize=75&ssl=1 75w, https:\/\/i3.wp.com\/interaccionnoticias.com.mx\/wp-content\/uploads\/2023\/11\/231109-Desmiente-FGE-Guerrero-792x1024.jpg?ssl=1&w=100&resize=100&ssl=1 100w, https:\/\/i3.wp.com\/interaccionnoticias.com.mx\/wp-content\/uploads\/2023\/11\/231109-Desmiente-FGE-Guerrero-792x1024.jpg?ssl=1&w=150&resize=150&ssl=1 150w, https:\/\/i3.wp.com\/interaccionnoticias.com.mx\/wp-content\/uploads\/2023\/11\/231109-Desmiente-FGE-Guerrero-792x1024.jpg?ssl=1&w=240&resize=240&ssl=1 240w, https:\/\/i3.wp.com\/interaccionnoticias.com.mx\/wp-content\/uploads\/2023\/11\/231109-Desmiente-FGE-Guerrero-792x1024.jpg?ssl=1&w=320&resize=320&ssl=1 320w, https:\/\/i3.wp.com\/interaccionnoticias.com.mx\/wp-content\/uploads\/2023\/11\/231109-Desmiente-FGE-Guerrero-792x1024.jpg?ssl=1&w=500&resize=500&ssl=1 500w, https:\/\/i3.wp.com\/interaccionnoticias.com.mx\/wp-content\/uploads\/2023\/11\/231109-Desmiente-FGE-Guerrero-792x1024.jpg?ssl=1&w=640&resize=640&ssl=1 640w, https:\/\/i3.wp.com\/interaccionnoticias.com.mx\/wp-content\/uploads\/2023\/11\/231109-Desmiente-FGE-Guerrero-792x1024.jpg?ssl=1&w=800&resize=800&ssl=1 800w, https:\/\/i3.wp.com\/interaccionnoticias.com.mx\/wp-content\/uploads\/2023\/11\/231109-Desmiente-FGE-Guerrero-792x1024.jpg?ssl=1&w=1024&resize=1024&ssl=1 1024w, https:\/\/i3.wp.com\/interaccionnoticias.com.mx\/wp-content\/uploads\/2023\/11\/231109-Desmiente-FGE-Guerrero-792x1024.jpg?ssl=1&w=1280&resize=1280&ssl=1 1280w, https:\/\/i3.wp.com\/interaccionnoticias.com.mx\/wp-content\/uploads\/2023\/11\/231109-Desmiente-FGE-Guerrero-792x1024.jpg?ssl=1&w=1600&resize=1600&ssl=1 1600w\" alt=\"\" class=\"wp-block-jetpack-slideshow_image wp-image-70783\" data-id=\"70783\" fifu-data-src=\"https:\/\/i3.wp.com\/interaccionnoticias.com.mx\/wp-content\/uploads\/2023\/11\/231109-Desmiente-FGE-Guerrero-792x1024.jpg?ssl=1\"\/><\/figure><\/li><\/ul><a class=\"wp-block-jetpack-slideshow_button-prev swiper-button-prev swiper-button-white\" role=\"button\"><\/a><a class=\"wp-block-jetpack-slideshow_button-next swiper-button-next swiper-button-white\" role=\"button\"><\/a><a aria-label=\"Pause Slideshow\" class=\"wp-block-jetpack-slideshow_button-pause\" role=\"button\"><\/a><div class=\"wp-block-jetpack-slideshow_pagination swiper-pagination swiper-pagination-white\"><\/div><\/div><\/div>\n","protected":false},"excerpt":{"rendered":"<p>&#8212; Las im\u00e1genes que se viralizaron, en realidad corresponden a un hecho registrado en Michoac\u00e1n, asegura la Fiscal\u00eda&#8212; La manifestaci\u00f3n de los pueblos de la Sierra fue \u201cpoco usual\u201d, admiti\u00f3&hellip; <\/p>\n","protected":false},"author":21,"featured_media":70784,"comment_status":"open","ping_status":"open","sticky":false,"template":"","format":"standard","meta":{"fifu_image_url":"","fifu_image_alt":"","footnotes":""},"categories":[11],"tags":[],"class_list":["post-70781","post","type-post","status-publish","format-standard","has-post-thumbnail","hentry","category-guerrero"],"_links":{"self":[{"href":"https:\/\/www.interaccionnoticias.com.mx\/index.php?rest_route=\/wp\/v2\/posts\/70781","targetHints":{"allow":["GET"]}}],"collection":[{"href":"https:\/\/www.interaccionnoticias.com.mx\/index.php?rest_route=\/wp\/v2\/posts"}],"about":[{"href":"https:\/\/www.interaccionnoticias.com.mx\/index.php?rest_route=\/wp\/v2\/types\/post"}],"author":[{"embeddable":true,"href":"https:\/\/www.interaccionnoticias.com.mx\/index.php?rest_route=\/wp\/v2\/users\/21"}],"replies":[{"embeddable":true,"href":"https:\/\/www.interaccionnoticias.com.mx\/index.php?rest_route=%2Fwp%2Fv2%2Fcomments&post=70781"}],"version-history":[{"count":1,"href":"https:\/\/www.interaccionnoticias.com.mx\/index.php?rest_route=\/wp\/v2\/posts\/70781\/revisions"}],"predecessor-version":[{"id":70785,"href":"https:\/\/www.interaccionnoticias.com.mx\/index.php?rest_route=\/wp\/v2\/posts\/70781\/revisions\/70785"}],"wp:featuredmedia":[{"embeddable":true,"href":"https:\/\/www.interaccionnoticias.com.mx\/index.php?rest_route=\/wp\/v2\/media\/70784"}],"wp:attachment":[{"href":"https:\/\/www.interaccionnoticias.com.mx\/index.php?rest_route=%2Fwp%2Fv2%2Fmedia&parent=70781"}],"wp:term":[{"taxonomy":"category","embeddable":true,"href":"https:\/\/www.interaccionnoticias.com.mx\/index.php?rest_route=%2Fwp%2Fv2%2Fcategories&post=70781"},{"taxonomy":"post_tag","embeddable":true,"href":"https:\/\/www.interaccionnoticias.com.mx\/index.php?rest_route=%2Fwp%2Fv2%2Ftags&post=70781"}],"curies":[{"name":"wp","href":"https:\/\/api.w.org\/{rel}","templated":true}]}}