{"id":70778,"date":"2023-11-09T11:48:00","date_gmt":"2023-11-09T17:48:00","guid":{"rendered":"https:\/\/interaccionnoticias.com.mx\/?p=70778"},"modified":"2023-11-09T20:04:48","modified_gmt":"2023-11-10T02:04:48","slug":"vecinos-de-icacos-denunciaron-que-han-contraido-enfermedades-ocasionadas-por-la-basura-acumulada-en-las-calles","status":"publish","type":"post","link":"https:\/\/www.interaccionnoticias.com.mx\/?p=70778","title":{"rendered":"Vecinos de Icacos denunciaron que han contra\u00eddo enfermedades ocasionadas por la basura acumulada en las calles"},"content":{"rendered":"\n<p><strong><em>&#8212; A la problem\u00e1tica se suma la falta de energ\u00eda el\u00e9ctrica y agua potable<\/em><\/strong><\/p>\n\n\n\n<p><strong>Yasm\u00edn Garc\u00eda Chino<\/strong><\/p>\n\n\n\n<p><strong>Acapulco, a 8 de noviembre 2023.- <\/strong>Vecinos de la colonia Icacos del puerto de Acapulco denunciaron que la basura acumulada tras el paso del hurac\u00e1n Otis ya ha provocado enfermedades.<\/p>\n\n\n\n<p>En las calles y avenidas de Acapulco se pueden observar montones de basura, laminas, autom\u00f3viles, muebles e incluso tinacos y lavadoras que Otis vol\u00f3 con vientos m\u00e1ximos sostenidos de 270 km\/h, rachas de 330 km\/h y desplazamiento a 17 km\/h al nor-noroeste.<\/p>\n\n\n\n<p>Damaris Guzm\u00e1n, vecina de Icacos relat\u00f3 que debido a la basura acumulada existe la proliferaci\u00f3n de moscos, gusanos y moscas, su esposo contrajo una enfermedad en la piel la que atribuye a la basura.<\/p>\n\n\n\n<p>\u201cA mi esposo le salieron granos en el cuerpo y otros vecinos han contra\u00eddo enfermedades gastrointestinales\u201d, dijo Damaris.<\/p>\n\n\n\n<p>La gobernadora del estado, Evelyn Salgado Pineda declar\u00f3 a un medio de comunicaci\u00f3n nacional que la acumulaci\u00f3n de basura que dejo Otis es la cantidad que Acapulco acumula en dos a\u00f1os por lo que asegur\u00f3 debe de atenderse de lo contrario se convertir\u00e1 en un problema de salud p\u00fablica.<\/p>\n\n\n\n<p>El titular de la Procuradur\u00eda de Protecci\u00f3n Ambiental del Estado de Guerrero (Propaeg), Carlos Toledo Manzur declar\u00f3 que el relleno sanitario de Acapulco, ubicado en Paso Texca ha quedado rebasado por lo que se analiza que se declare emergencia ambiental. Antes de Otis el puerto produc\u00eda entre 700 y 800 toneladas diarias de basura.<\/p>\n\n\n\n<p>A la problem\u00e1tica de basura se suma la falta de energ\u00eda el\u00e9ctrica y agua potable, aunque la Comisi\u00f3n Federal de Electricidad (CFE) ya coloc\u00f3 los postes de luz y el cableado no realiz\u00f3 las conexiones de energ\u00eda en los domicilios de la calle 23 de Icacos.<\/p>\n\n\n\n<p>\u201cLos vecinos que cuentan con el recurso econ\u00f3mico andaban contratando electricistas para que hagan la bajada de luz, esta situaci\u00f3n es grave corremos peligro por la inseguridad y m\u00e1s en la oscuridad\u201d, recrimin\u00f3 Damaris Guzm\u00e1n.<\/p>\n","protected":false},"excerpt":{"rendered":"<p>&#8212; A la problem\u00e1tica se suma la falta de energ\u00eda el\u00e9ctrica y agua potable Yasm\u00edn Garc\u00eda Chino Acapulco, a 8 de noviembre 2023.- Vecinos de la colonia Icacos del puerto&hellip; <\/p>\n","protected":false},"author":32,"featured_media":70779,"comment_status":"open","ping_status":"open","sticky":false,"template":"","format":"standard","meta":{"fifu_image_url":"","fifu_image_alt":"","footnotes":""},"categories":[242],"tags":[],"class_list":["post-70778","post","type-post","status-publish","format-standard","has-post-thumbnail","hentry","category-acapulco"],"_links":{"self":[{"href":"https:\/\/www.interaccionnoticias.com.mx\/index.php?rest_route=\/wp\/v2\/posts\/70778","targetHints":{"allow":["GET"]}}],"collection":[{"href":"https:\/\/www.interaccionnoticias.com.mx\/index.php?rest_route=\/wp\/v2\/posts"}],"about":[{"href":"https:\/\/www.interaccionnoticias.com.mx\/index.php?rest_route=\/wp\/v2\/types\/post"}],"author":[{"embeddable":true,"href":"https:\/\/www.interaccionnoticias.com.mx\/index.php?rest_route=\/wp\/v2\/users\/32"}],"replies":[{"embeddable":true,"href":"https:\/\/www.interaccionnoticias.com.mx\/index.php?rest_route=%2Fwp%2Fv2%2Fcomments&post=70778"}],"version-history":[{"count":1,"href":"https:\/\/www.interaccionnoticias.com.mx\/index.php?rest_route=\/wp\/v2\/posts\/70778\/revisions"}],"predecessor-version":[{"id":70780,"href":"https:\/\/www.interaccionnoticias.com.mx\/index.php?rest_route=\/wp\/v2\/posts\/70778\/revisions\/70780"}],"wp:featuredmedia":[{"embeddable":true,"href":"https:\/\/www.interaccionnoticias.com.mx\/index.php?rest_route=\/wp\/v2\/media\/70779"}],"wp:attachment":[{"href":"https:\/\/www.interaccionnoticias.com.mx\/index.php?rest_route=%2Fwp%2Fv2%2Fmedia&parent=70778"}],"wp:term":[{"taxonomy":"category","embeddable":true,"href":"https:\/\/www.interaccionnoticias.com.mx\/index.php?rest_route=%2Fwp%2Fv2%2Fcategories&post=70778"},{"taxonomy":"post_tag","embeddable":true,"href":"https:\/\/www.interaccionnoticias.com.mx\/index.php?rest_route=%2Fwp%2Fv2%2Ftags&post=70778"}],"curies":[{"name":"wp","href":"https:\/\/api.w.org\/{rel}","templated":true}]}}