{"id":70775,"date":"2023-11-09T11:43:00","date_gmt":"2023-11-09T17:43:00","guid":{"rendered":"https:\/\/interaccionnoticias.com.mx\/?p=70775"},"modified":"2023-11-09T19:42:01","modified_gmt":"2023-11-10T01:42:01","slug":"ex-presidente-del-consejo-estatal-de-morena-en-guerrero-luis-enrique-rios-saucedo-renuncia-a-su-militancia-partidista","status":"publish","type":"post","link":"https:\/\/www.interaccionnoticias.com.mx\/?p=70775","title":{"rendered":"Ex presidente del Consejo Estatal de MORENA en Guerrero, Luis Enrique R\u00edos Saucedo renuncia a su militancia partidista"},"content":{"rendered":"\n<p><strong><em>&#8212; Env\u00eda oficio a CEN del partido, pide que se le borre del padr\u00f3n de militantes<br>&#8212; Es cercano a Marcelo Ebrard y en 2021 apoy\u00f3 a Pablo Amilcar Sandoval, quien no logr\u00f3 la candidatura a gobernador<\/em><\/strong><\/p>\n\n\n\n<p><strong>Rogelio Agust\u00edn<\/strong><\/p>\n\n\n\n<p>El ex presidente del Consejo Estatal de MORENA en Guerrero, Luis Enrique R\u00edos Saucedo renunci\u00f3 a su militancia en dicho partido pol\u00edtico, del cual tambi\u00e9n era fundador.<\/p>\n\n\n\n<p>R\u00edos Saucedo dio a conocer su determinaci\u00f3n por medio de un documento firmado el mi\u00e9rcoles 8 de noviembre en Chilpancingo.<\/p>\n\n\n\n<p>Dicho documento est\u00e1 dirigido a Mario Delgado Carrillo, presidente del Comit\u00e9 Ejecutivo Nacional (CEN) de MORENA, en el que se presenta exponiendo su clave de elector y se\u00f1alando su domicilio para o\u00edr y recibir notificaciones en el domicilio marcado con el numero 63 de la avenida Insurgentes, en la colonia Benito Ju\u00e1rez de Chilpancingo.<\/p>\n\n\n\n<p>\u201cPor mi propio derecho y en mi calidad de ciudadano en pleno goce de mis derechos pol\u00edtico-electorales, a trav\u00e9s del presente formato solicito la baja del padr\u00f3n de afiliados del partido pol\u00edtico con registro nacional MORENA, por as\u00ed convenir a mis intereses\u201d, se\u00f1ala quien fuera presidente del Consejo Estatal del hoy partido en el Gobierno.<\/p>\n\n\n\n<p>Cierra: \u201cDe la misma forma, solicito se cancele cualquier dato personal del suscrito que sea objeto de tratamiento en los registros de este partido pol\u00edtico\u201d.<\/p>\n\n\n\n<p>En 2021, R\u00edos Saucedo fue uno de los promotores de la aspiraci\u00f3n gubernamental del ex dirigente estatal y primer presidente de la Junta de Coordinaci\u00f3n Pol\u00edtica (JUCOPO) en el Congreso de Guerrero por parte de MORENA, Pablo Amilcar Sandoval Ballesteros, quien actualmente se desempe\u00f1a como diputado federal y est\u00e1 inscrito como aspirante al Senado de la Rep\u00fablica.<\/p>\n\n\n\n<p>Tambi\u00e9n, es simpatizante del ex titular de la Secretar\u00eda de Relaciones Exteriores del Gobierno de la Rep\u00fablica, Marcelo Ebrard Causaub\u00f3n, quien se ha convertido en un referente opositor a la virtual candidatura presidencial de la ex jefa de Gobierno de la Ciudad de M\u00e9xico, Claudia Sheimbaum Pardo.<\/p>\n\n\n\n<p>El 22 de octubre, R\u00edos Saucedo acompa\u00f1\u00f3 al diputado local Masedonio Mendoza Basurto, quien dio a conocer que se retiraba del grupo parlamentario de MORENA en Guerrero y daba a conocer su acercamiento con el Movimiento Ciudadano (MC).<\/p>\n","protected":false},"excerpt":{"rendered":"<p>&#8212; Env\u00eda oficio a CEN del partido, pide que se le borre del padr\u00f3n de militantes&#8212; Es cercano a Marcelo Ebrard y en 2021 apoy\u00f3 a Pablo Amilcar Sandoval, quien&hellip; <\/p>\n","protected":false},"author":21,"featured_media":70776,"comment_status":"open","ping_status":"open","sticky":false,"template":"","format":"standard","meta":{"fifu_image_url":"","fifu_image_alt":"","footnotes":""},"categories":[21],"tags":[],"class_list":["post-70775","post","type-post","status-publish","format-standard","has-post-thumbnail","hentry","category-politica"],"_links":{"self":[{"href":"https:\/\/www.interaccionnoticias.com.mx\/index.php?rest_route=\/wp\/v2\/posts\/70775","targetHints":{"allow":["GET"]}}],"collection":[{"href":"https:\/\/www.interaccionnoticias.com.mx\/index.php?rest_route=\/wp\/v2\/posts"}],"about":[{"href":"https:\/\/www.interaccionnoticias.com.mx\/index.php?rest_route=\/wp\/v2\/types\/post"}],"author":[{"embeddable":true,"href":"https:\/\/www.interaccionnoticias.com.mx\/index.php?rest_route=\/wp\/v2\/users\/21"}],"replies":[{"embeddable":true,"href":"https:\/\/www.interaccionnoticias.com.mx\/index.php?rest_route=%2Fwp%2Fv2%2Fcomments&post=70775"}],"version-history":[{"count":1,"href":"https:\/\/www.interaccionnoticias.com.mx\/index.php?rest_route=\/wp\/v2\/posts\/70775\/revisions"}],"predecessor-version":[{"id":70777,"href":"https:\/\/www.interaccionnoticias.com.mx\/index.php?rest_route=\/wp\/v2\/posts\/70775\/revisions\/70777"}],"wp:featuredmedia":[{"embeddable":true,"href":"https:\/\/www.interaccionnoticias.com.mx\/index.php?rest_route=\/wp\/v2\/media\/70776"}],"wp:attachment":[{"href":"https:\/\/www.interaccionnoticias.com.mx\/index.php?rest_route=%2Fwp%2Fv2%2Fmedia&parent=70775"}],"wp:term":[{"taxonomy":"category","embeddable":true,"href":"https:\/\/www.interaccionnoticias.com.mx\/index.php?rest_route=%2Fwp%2Fv2%2Fcategories&post=70775"},{"taxonomy":"post_tag","embeddable":true,"href":"https:\/\/www.interaccionnoticias.com.mx\/index.php?rest_route=%2Fwp%2Fv2%2Ftags&post=70775"}],"curies":[{"name":"wp","href":"https:\/\/api.w.org\/{rel}","templated":true}]}}