{"id":70769,"date":"2023-11-08T20:13:02","date_gmt":"2023-11-09T02:13:02","guid":{"rendered":"https:\/\/interaccionnoticias.com.mx\/?p=70769"},"modified":"2023-11-08T20:13:04","modified_gmt":"2023-11-09T02:13:04","slug":"al-menos-60-sordos-siguen-a-la-espera-de-apoyos-en-la-periferia-de-acapulco-no-hay-interpretes-para-censarlos","status":"publish","type":"post","link":"https:\/\/www.interaccionnoticias.com.mx\/?p=70769","title":{"rendered":"Al menos 60 sordos siguen a la espera de apoyos en la periferia de Acapulco, no hay interpretes para censarlos"},"content":{"rendered":"\n<p><strong><em>&#8212; En el censo no se cuenta con interpretes para comunicarse con los afectados<\/em><\/strong><\/p>\n\n\n\n<p><strong>Dassaev T\u00e9llez Adame<\/strong><\/p>\n\n\n\n<p><strong>Chilpancingo, 8 de noviembre. \u2013 <\/strong>Se trata de sordos adultos agremiados a la Asociaci\u00f3n de Sordos de Acapulco A. C., los cuales viven en las colonias Coloso, Zapata y Renacimiento, quienes se mantienen sin servicios, principalmente el internet que es el medio con el que se comunican con sus familiares.<\/p>\n\n\n\n<p>El int\u00e9rprete profesional, Fidel Montemayor, dio a conocer que a nivel nacional ya se emiti\u00f3 una alerta de ayuda para poder apoyar a esta comunidad, pero dichos apoyos han sido insuficientes, ya que casi todos ellos se quedaron con viviendas sin techo.<\/p>\n\n\n\n<p>\u201cLas personas sordas viven la incomunicaci\u00f3n, la falta de comunicaci\u00f3n con sus familiares, porque los familiares tienen una lengua oral y los sordos tienen una lengua viso gestual som\u00e1tica, o sea tienen una lengua que se ve una lengua que se habla con las manos y se ve con los ojos, ahora p\u00f3nganse ustedes a pensar en la situaci\u00f3n que est\u00e1n viviendo ellos llega el hurac\u00e1n\u201d, dijo.<\/p>\n\n\n\n<p>Indico que gracias a interpretes nacionales, familias con personas sordas y a la Universidad Aut\u00f3noma de Guerrero (UAGro), se logro llegar a 38 personas sordas, a las cuales les brindaron comida, ropa, calzado y agua.<\/p>\n\n\n\n<p>\u201cPero la carencia m\u00e1s importante es que sus techos se vinieron abajo, faltan l\u00e1minas, faltan maderas para reconstruir sus techos, para reconstruir sus casas, perdieron sus muebles perdieron sus colchones perdieron todo\u201d.<\/p>\n\n\n\n<p>Dijo que muchos miembros de esta comunidad sobreviven de trabajos de limpieza en hoteles, \u201cahorita no hay contrataciones y si las hay, no pueden presentar documentaci\u00f3n porque la perdieron entre los vientos y la lluvia, adem\u00e1s de que carecen de comunicaci\u00f3n\u201d.<\/p>\n\n\n\n<p>Siendo que muchos se dedican a vender, a trav\u00e9s de una tarjeta que indica su condici\u00f3n, calendarios, libretitas, dulces o se dedican al comercio ambulante, pero, despu\u00e9s del hurac\u00e1n se han quedado hasta sin insumos para poder sobrevivir.<\/p>\n\n\n\n<p>\u201cYo soy int\u00e9rprete profesional. Soy hijo de un pap\u00e1 sordo, hijo de una mam\u00e1 sordo-ciega y es por eso que soy la voz ahorita de ellos, porque ellos est\u00e1n en una situaci\u00f3n en la cual est\u00e1 en peligro su salud su vida, est\u00e1 en peligro su bienestar y sus familias\u201d.<\/p>\n\n\n\n<p>Por lo que hizo un llamado a los tres niveles de gobierno para que se hagan participes y colaboren para brindarles una vida digna.<\/p>\n\n\n\n<p>Indico que para poder comunicarse con estas personas no existe el personal capacitado o interpretes para hacerlo, por lo que han optado por videollamadas con interpretes para comunicarse con personas \u201cnormales\u201d, pero con la falta de servicios y telefon\u00eda, esto es imposible.<\/p>\n\n\n\n<p>Por lo que no sabe c\u00f3mo o que est\u00e1n haciendo las autoridades para avisarles donde est\u00e1n los refugios, albergues, comedores o entregando despensas, ante esta situaci\u00f3n muchos de los sordos y sus familias han comenzado una colecta para poder salir de ah\u00ed.<\/p>\n\n\n\n<p>\u201cAhorita las necesidades no son tanto de una despensa, la necesidad mayor son l\u00e1minas, son cosas mucho m\u00e1s caras, colchones, refrigeradores, cosas as\u00ed, que les ayude para poder vivir\u201d, reclamo.<\/p>\n\n\n\n<p>Cuestionado sobre la situaci\u00f3n que est\u00e1n viviendo y el proceso de censo que el gobierno federal, a trav\u00e9s de la Secretar\u00eda del Bienestar, esta haciendo, el maestro Montemayor dijo que en este censo \u201clos siervos de la Naci\u00f3n van casa por casa, y si no est\u00e1 el sordo porque se fue a la Ciudad de M\u00e9xico o a otro estado a buscar un recurso y si est\u00e1 el sordo y tocan la puerta y el sordo nunca escuch\u00f3 que tocaran la puerta, los siervos de la Naci\u00f3n al ver no tiene techo, estamos tocando y no sale nadie, dicen no hay nadie, se van entonces\u2026el sordo est\u00e1 ah\u00ed adentro, pero no sabe que tocaron la puerta\u201d.<\/p>\n\n\n\n<p>Sumado a esto dijo que no sabe como es que los Servidores de la Naci\u00f3n van a realizar la entrevista del censo, porque no son personas capacitadas en el lenguaje de se\u00f1as y en su interpretaci\u00f3n, por lo que el problema se agrava aun m\u00e1s, por lo que propuso que se realice un censo especial para personas con capacidades diferentes.<\/p>\n\n\n\n<p>Porque el problema no es solo con las personas sordas, sino que se van a sumar personas con otros problemas, como es el caso de las personas que se mueven en sillas de ruedas \u201ccomo van a pasar por las calles, que est\u00e1n llenas de escombro, basura, ramas, lodo, tierra\u201d<\/p>\n\n\n\n<p>\u201cLa propuesta primordial va directamente hacia que todas las personas, no solo servidores, sino tambi\u00e9n los anuncios de televisi\u00f3n, los anuncios que se digan por Gobernaci\u00f3n, Presidencia y dem\u00e1s tienen que ser dados en lengua de se\u00f1as, primera condici\u00f3n para que el sordo se entere de cu\u00e1l es la propuesta para salvaguardar la vida de todos los de Guerrero por medio de la gobernadora, tiene que ser usado un int\u00e9rprete, al cual no lo hemos visto y en segunda la ma\u00f1anera puede tener un int\u00e9rprete, s\u00ed lo tiene. Pero enunciar directamente en el conflicto en la ciudad de Acapulco que tengan ellos un int\u00e9rprete, no lo tienen, tienen que hacerse acompa\u00f1ar de un int\u00e9rprete tiene que hacerse acompa\u00f1ado de una persona que sepa exactamente, \u00bfd\u00f3nde est\u00e1n las personas sordas? Si yo les pregunto a los medios o le pregunto yo a alguna persona, inclusive a los encargados del DIF donde erradica la comunidad sorda, no me van a saber decir\u201d, lamento y reprocho.<\/p>\n","protected":false},"excerpt":{"rendered":"<p>&#8212; En el censo no se cuenta con interpretes para comunicarse con los afectados Dassaev T\u00e9llez Adame Chilpancingo, 8 de noviembre. \u2013 Se trata de sordos adultos agremiados a la&hellip; <\/p>\n","protected":false},"author":9,"featured_media":70770,"comment_status":"open","ping_status":"open","sticky":false,"template":"","format":"standard","meta":{"fifu_image_url":"","fifu_image_alt":"","footnotes":""},"categories":[29],"tags":[],"class_list":["post-70769","post","type-post","status-publish","format-standard","has-post-thumbnail","hentry","category-sociedad"],"_links":{"self":[{"href":"https:\/\/www.interaccionnoticias.com.mx\/index.php?rest_route=\/wp\/v2\/posts\/70769","targetHints":{"allow":["GET"]}}],"collection":[{"href":"https:\/\/www.interaccionnoticias.com.mx\/index.php?rest_route=\/wp\/v2\/posts"}],"about":[{"href":"https:\/\/www.interaccionnoticias.com.mx\/index.php?rest_route=\/wp\/v2\/types\/post"}],"author":[{"embeddable":true,"href":"https:\/\/www.interaccionnoticias.com.mx\/index.php?rest_route=\/wp\/v2\/users\/9"}],"replies":[{"embeddable":true,"href":"https:\/\/www.interaccionnoticias.com.mx\/index.php?rest_route=%2Fwp%2Fv2%2Fcomments&post=70769"}],"version-history":[{"count":1,"href":"https:\/\/www.interaccionnoticias.com.mx\/index.php?rest_route=\/wp\/v2\/posts\/70769\/revisions"}],"predecessor-version":[{"id":70771,"href":"https:\/\/www.interaccionnoticias.com.mx\/index.php?rest_route=\/wp\/v2\/posts\/70769\/revisions\/70771"}],"wp:featuredmedia":[{"embeddable":true,"href":"https:\/\/www.interaccionnoticias.com.mx\/index.php?rest_route=\/wp\/v2\/media\/70770"}],"wp:attachment":[{"href":"https:\/\/www.interaccionnoticias.com.mx\/index.php?rest_route=%2Fwp%2Fv2%2Fmedia&parent=70769"}],"wp:term":[{"taxonomy":"category","embeddable":true,"href":"https:\/\/www.interaccionnoticias.com.mx\/index.php?rest_route=%2Fwp%2Fv2%2Fcategories&post=70769"},{"taxonomy":"post_tag","embeddable":true,"href":"https:\/\/www.interaccionnoticias.com.mx\/index.php?rest_route=%2Fwp%2Fv2%2Ftags&post=70769"}],"curies":[{"name":"wp","href":"https:\/\/api.w.org\/{rel}","templated":true}]}}