{"id":70741,"date":"2023-11-08T15:03:37","date_gmt":"2023-11-08T21:03:37","guid":{"rendered":"https:\/\/interaccionnoticias.com.mx\/?p=70741"},"modified":"2023-11-08T15:03:40","modified_gmt":"2023-11-08T21:03:40","slug":"reporta-la-fge-48-muertos-y-31-desaparecidos-a-consecuencia-del-huracan-otis","status":"publish","type":"post","link":"https:\/\/www.interaccionnoticias.com.mx\/?p=70741","title":{"rendered":"Reporta la FGE 48 muertos y 31 desaparecidos a consecuencia del hurac\u00e1n OTIS"},"content":{"rendered":"\n<p><strong><em>&#8212; 36 cad\u00e1veres ya fueron entregados a sus familias<\/em><\/strong><\/p>\n\n\n\n<p><strong>Rogelio Agust\u00edn<\/strong><\/p>\n\n\n\n<p>La Fiscal\u00eda General del Estado (FGE) inform\u00f3 que hasta el momento se tiene un registro de 48 personas muertas y 31 desaparecidas a consecuencia del hurac\u00e1n \u00abOTIS\u00bb.<\/p>\n\n\n\n<p>La jornada del mi\u00e9rcoles 8 de noviembre, la FGE comparti\u00f3 a trav\u00e9s de sus plataformas digitales, la informaci\u00f3n presentada durante la reuni\u00f3n de evaluaci\u00f3n que se realiza al seno de la Mesa de Control, que encabeza la gobernadora Evelyn Salgado Pineda.<\/p>\n\n\n\n<p>De manera oficial, se reconoce la muerte de 48 personas a consecuencia del hurac\u00e1n \u00abOtis\u00bb.<\/p>\n\n\n\n<p>Tambi\u00e9n se reconoce que se mantiene activo el reporte de 31 personas desaparecidas, de las que se desconoce el paradero tras la madrugada del 25 de octubre.<\/p>\n\n\n\n<p>La FGE agreg\u00f3 que ha entregado 36 cuerpos a sus familias.<\/p>\n\n\n\n<p>Se anota que de las 48 personas que se ten\u00edan desaparecidas al 6 de noviembre se han localizado 17 personas; 14 con vida y 3 muertas.<\/p>\n","protected":false},"excerpt":{"rendered":"<p>&#8212; 36 cad\u00e1veres ya fueron entregados a sus familias Rogelio Agust\u00edn La Fiscal\u00eda General del Estado (FGE) inform\u00f3 que hasta el momento se tiene un registro de 48 personas muertas&hellip; <\/p>\n","protected":false},"author":21,"featured_media":70742,"comment_status":"open","ping_status":"open","sticky":false,"template":"","format":"standard","meta":{"fifu_image_url":"","fifu_image_alt":"","footnotes":""},"categories":[11],"tags":[],"class_list":["post-70741","post","type-post","status-publish","format-standard","has-post-thumbnail","hentry","category-guerrero"],"_links":{"self":[{"href":"https:\/\/www.interaccionnoticias.com.mx\/index.php?rest_route=\/wp\/v2\/posts\/70741","targetHints":{"allow":["GET"]}}],"collection":[{"href":"https:\/\/www.interaccionnoticias.com.mx\/index.php?rest_route=\/wp\/v2\/posts"}],"about":[{"href":"https:\/\/www.interaccionnoticias.com.mx\/index.php?rest_route=\/wp\/v2\/types\/post"}],"author":[{"embeddable":true,"href":"https:\/\/www.interaccionnoticias.com.mx\/index.php?rest_route=\/wp\/v2\/users\/21"}],"replies":[{"embeddable":true,"href":"https:\/\/www.interaccionnoticias.com.mx\/index.php?rest_route=%2Fwp%2Fv2%2Fcomments&post=70741"}],"version-history":[{"count":1,"href":"https:\/\/www.interaccionnoticias.com.mx\/index.php?rest_route=\/wp\/v2\/posts\/70741\/revisions"}],"predecessor-version":[{"id":70743,"href":"https:\/\/www.interaccionnoticias.com.mx\/index.php?rest_route=\/wp\/v2\/posts\/70741\/revisions\/70743"}],"wp:featuredmedia":[{"embeddable":true,"href":"https:\/\/www.interaccionnoticias.com.mx\/index.php?rest_route=\/wp\/v2\/media\/70742"}],"wp:attachment":[{"href":"https:\/\/www.interaccionnoticias.com.mx\/index.php?rest_route=%2Fwp%2Fv2%2Fmedia&parent=70741"}],"wp:term":[{"taxonomy":"category","embeddable":true,"href":"https:\/\/www.interaccionnoticias.com.mx\/index.php?rest_route=%2Fwp%2Fv2%2Fcategories&post=70741"},{"taxonomy":"post_tag","embeddable":true,"href":"https:\/\/www.interaccionnoticias.com.mx\/index.php?rest_route=%2Fwp%2Fv2%2Ftags&post=70741"}],"curies":[{"name":"wp","href":"https:\/\/api.w.org\/{rel}","templated":true}]}}