{"id":70730,"date":"2023-11-07T22:49:59","date_gmt":"2023-11-08T04:49:59","guid":{"rendered":"https:\/\/interaccionnoticias.com.mx\/?p=70730"},"modified":"2023-11-07T22:50:02","modified_gmt":"2023-11-08T04:50:02","slug":"leticia-cilio-sanchez-recorre-dos-kilometros-diarios-en-sillas-de-ruedas-para-poder-vender-sus-empanadas","status":"publish","type":"post","link":"https:\/\/www.interaccionnoticias.com.mx\/?p=70730","title":{"rendered":"Leticia Cilio S\u00e1nchez recorre dos kil\u00f3metros diarios en sillas de ruedas para poder vender sus empanadas"},"content":{"rendered":"\n<p><strong><em>&#8212; Adapt\u00f3 su silla de ruedas con una caja de pl\u00e1stico<\/em><\/strong><\/p>\n\n\n\n<p><strong>Yasm\u00edn Garc\u00eda<br>Fotograf\u00eda cortes\u00eda Oscar Guerrero<\/strong><\/p>\n\n\n\n<p>Leticia Cilio S\u00e1nchez recorre dos kil\u00f3metros en silla de ruedas para poder llegar al z\u00f3calo de Chilpancingo y vender empanadas.<\/p>\n\n\n\n<p>El camino que recorre Leticia todos los d\u00edas no es nada f\u00e1cil, ya que la ciudad carece de rampas para personas con discapacidad, las banquetas son peque\u00f1as y est\u00e1n invadidas por comerciantes ambulantes.<\/p>\n\n\n\n<p>\u201cA las banquetas no puedo subirme son muy altas, tengo que trasladarme por las calles, es un peligro porque los automovilistas no te dan paso y debo de ir con mucho cuidado porque te pueden atropellar\u201d.<\/p>\n\n\n\n<p>Leticia adapt\u00f3 su silla de ruedas con una caja de pl\u00e1stico en la que coloca un recipiente para poder exhibir las empanadas de arroz y az\u00facar a la poblaci\u00f3n que camina por el z\u00f3calo capitalino en un horario de 7:30 de la ma\u00f1ana a 8:00 de la noche. Su T\u00eda le paga por vender las empanadas.<\/p>\n\n\n\n<p>Cuando naci\u00f3, los doctores le dijeron a su mam\u00e1 que no podr\u00eda caminar por lo que la sometieron a una operaci\u00f3n, pero no tuvieron \u00e9xito.<\/p>\n\n\n\n<p>\u201cNo puedo decir si fue negligencia m\u00e9dica porque en aquella \u00e9poca hace 30 a\u00f1os no hab\u00eda la tecnolog\u00eda que hay ahora. Considero que ya estaba decidido\u201d, dijo Leticia mientras sumerge una empanada en az\u00facar.<\/p>\n\n\n\n<p>Leticia tiene 30 a\u00f1os de edad, nunca ha acudido con alg\u00fan especialista para tratar su discapacidad por falta de recursos econ\u00f3micos, el dinero que su t\u00eda le paga por vender empanadas lo ocupa para pagar su renta del cuarto en donde vive.<\/p>\n\n\n\n<p>\u201cMe gusta trabajar, no porque mis pies no me ayuden no voy a trabajar mientras Dios me permita seguir yo voy a trabajar hasta donde m\u00e1s se pueda, hay que echarle ganas\u201d.<\/p>\n\n\n\n<p>A las personas que tienen alguna discapacidad pidi\u00f3 que no rindan y que sigan adelante.<\/p>\n\n\n\n<p>\u201cQue le echen ganas que no se rindan la vida se pasa, si Dios nos mand\u00f3 as\u00ed es por algo para ver si somos capaz de superar las pruebas los retos que nos ha puesto, no se rindan sigan adelante\u201d<\/p>\n","protected":false},"excerpt":{"rendered":"<p>&#8212; Adapt\u00f3 su silla de ruedas con una caja de pl\u00e1stico Yasm\u00edn Garc\u00edaFotograf\u00eda cortes\u00eda Oscar Guerrero Leticia Cilio S\u00e1nchez recorre dos kil\u00f3metros en silla de ruedas para poder llegar al&hellip; <\/p>\n","protected":false},"author":32,"featured_media":70732,"comment_status":"open","ping_status":"open","sticky":false,"template":"","format":"standard","meta":{"fifu_image_url":"","fifu_image_alt":"","footnotes":""},"categories":[29],"tags":[],"class_list":["post-70730","post","type-post","status-publish","format-standard","has-post-thumbnail","hentry","category-sociedad"],"_links":{"self":[{"href":"https:\/\/www.interaccionnoticias.com.mx\/index.php?rest_route=\/wp\/v2\/posts\/70730","targetHints":{"allow":["GET"]}}],"collection":[{"href":"https:\/\/www.interaccionnoticias.com.mx\/index.php?rest_route=\/wp\/v2\/posts"}],"about":[{"href":"https:\/\/www.interaccionnoticias.com.mx\/index.php?rest_route=\/wp\/v2\/types\/post"}],"author":[{"embeddable":true,"href":"https:\/\/www.interaccionnoticias.com.mx\/index.php?rest_route=\/wp\/v2\/users\/32"}],"replies":[{"embeddable":true,"href":"https:\/\/www.interaccionnoticias.com.mx\/index.php?rest_route=%2Fwp%2Fv2%2Fcomments&post=70730"}],"version-history":[{"count":1,"href":"https:\/\/www.interaccionnoticias.com.mx\/index.php?rest_route=\/wp\/v2\/posts\/70730\/revisions"}],"predecessor-version":[{"id":70733,"href":"https:\/\/www.interaccionnoticias.com.mx\/index.php?rest_route=\/wp\/v2\/posts\/70730\/revisions\/70733"}],"wp:featuredmedia":[{"embeddable":true,"href":"https:\/\/www.interaccionnoticias.com.mx\/index.php?rest_route=\/wp\/v2\/media\/70732"}],"wp:attachment":[{"href":"https:\/\/www.interaccionnoticias.com.mx\/index.php?rest_route=%2Fwp%2Fv2%2Fmedia&parent=70730"}],"wp:term":[{"taxonomy":"category","embeddable":true,"href":"https:\/\/www.interaccionnoticias.com.mx\/index.php?rest_route=%2Fwp%2Fv2%2Fcategories&post=70730"},{"taxonomy":"post_tag","embeddable":true,"href":"https:\/\/www.interaccionnoticias.com.mx\/index.php?rest_route=%2Fwp%2Fv2%2Ftags&post=70730"}],"curies":[{"name":"wp","href":"https:\/\/api.w.org\/{rel}","templated":true}]}}