{"id":70724,"date":"2023-11-07T22:40:20","date_gmt":"2023-11-08T04:40:20","guid":{"rendered":"https:\/\/interaccionnoticias.com.mx\/?p=70724"},"modified":"2023-11-07T22:40:23","modified_gmt":"2023-11-08T04:40:23","slug":"familias-acapulquenas-salen-a-buscar-donde-vivir-en-espera-de-la-recuperacion-del-puerto-temen-por-la-inseguridad-y-la-falta-de-servicios","status":"publish","type":"post","link":"https:\/\/www.interaccionnoticias.com.mx\/?p=70724","title":{"rendered":"Familias acapulque\u00f1as salen a buscar donde vivir en espera de la recuperaci\u00f3n del puerto, temen por la inseguridad y la falta de servicios"},"content":{"rendered":"\n<p><strong>Dassaev T\u00e9llez Adame<\/strong><\/p>\n\n\n\n<p><strong>Chilpancingo, 7 de noviembre. &#8211;<\/strong> Ante la falta de seguridad, alimentos, energ\u00eda el\u00e9ctrica y empleos, familias acapulque\u00f1as emigran del puerto en b\u00fasqueda de vivienda y en espera que \u201clas cosas\u201d se normalicen en Acapulco.<\/p>\n\n\n\n<p>El se\u00f1or Andr\u00e9s Soto, dijo que viajo con su familia desde Acapulco, de donde sali\u00f3 con sus propios medios, para rentar un cuarto y buscar empleo temporal en lo que se normaliza el puerto.<\/p>\n\n\n\n<p>Solo uno de sus hijos se quedo en Acapulco para cuidar su casa y lo poco que quedo.<\/p>\n\n\n\n<p>Dijo que esta decisi\u00f3n la tomaron a partir de que el gobierno no esta repartiendo apoyos en las colonias que est\u00e1n lejos de la Costera, asegurando que en ese punto es donde las autoridades se est\u00e1n enfocando, dejando al ultimo la periferia del puerto.<\/p>\n\n\n\n<p>Adem\u00e1s de que muchas colonias son de escasos recursos, como la colonia Santa Cecilia que es donde tienen su hogar, hasta ahora aun no cuentan con energ\u00eda el\u00e9ctrica, ni agua, ni comida y mucho menos seguridad.<\/p>\n\n\n\n<p>Indico que en esa colonia, hasta este d\u00eda, no les ha llegado ni un solo apoyo y los habitantes por sus propios medios salen a buscar comida y agua, otros mas como el que han tenido la oportunidad de salirse lo hicieron.<\/p>\n\n\n\n<p>\u201cEstamos hablando, en mi caso, de la colonia Santa Cecilia que pues parece ser que no aparece en el mapa del municipio, porque ninguna autoridad ni federal, ni estatal se ha acercado para brindarnos los servicios, hemos estado sobreviviendo por nuestros propios medios, por las d\u00e1divas de otras personas que s\u00ed tienen posibilidades\u201d expreso.<\/p>\n\n\n\n<p>Sumado a esto, explico que este asentamiento humano sufri\u00f3 los estragos de la inseguridad, los saqueos y robos a casa habitaci\u00f3n.<\/p>\n\n\n\n<p>Por lo que, al tomar la decisi\u00f3n con su familia de salir del puerto, solo uno de sus hijos decidio quedarse a proteger su hogar.<\/p>\n\n\n\n<p>Adem\u00e1s de que, junto a su hijo, otros j\u00f3venes y vecinos tomaron la iniciativa de realizar brigadas de vigilancia, por lo que tambi\u00e9n, con la ayuda de laminas y ramas, se atrincheraron en un cruce vial, el cual cierran.<\/p>\n\n\n\n<p>Tambi\u00e9n prenden fogatas para advertir a las personas que quieran robar, se percaten de que aun hay personas ah\u00ed y que est\u00e1n cuidando sus hogares.<\/p>\n\n\n\n<p>Ante esta situaci\u00f3n y el temor por la vida de su hijo y vecinos, el se\u00f1or Andr\u00e9s Soto hizo un llamado a las autoridades de los tres niveles de gobierno para que la ayuda llegue a las colonias y a la periferia de la ciudad, las cuales contin\u00faan en deplorables condiciones.<\/p>\n\n\n\n<p>Relato que actualmente, junto a su familia, se encuentra rentando un peque\u00f1o cuarto, en donde esperar\u00e1n a que las condiciones en el puerto mejoren, ya que el radicar en Chilpancingo no es opci\u00f3n para ellos, porque sus centros de trabajo se encuentran establecidos en el puerto y en Chilpancingo tendr\u00edan que empezar de cero.<\/p>\n\n\n\n<p>Tambi\u00e9n hizo la invitaci\u00f3n a los due\u00f1os de hoteles, cuartos, restaurantes y tiendas a no subir sus precios. Ya que al decir que son de Acapulco en ocasiones les cobran m\u00e1s caro, sin embargo, dijo que tienen que entender que de all\u00e1 salieron casi huyendo y sin nada por lo que con mucho esfuerzo se est\u00e1n estableciendo aqu\u00ed.<\/p>\n","protected":false},"excerpt":{"rendered":"<p>Dassaev T\u00e9llez Adame Chilpancingo, 7 de noviembre. &#8211; Ante la falta de seguridad, alimentos, energ\u00eda el\u00e9ctrica y empleos, familias acapulque\u00f1as emigran del puerto en b\u00fasqueda de vivienda y en espera&hellip; <\/p>\n","protected":false},"author":9,"featured_media":70725,"comment_status":"open","ping_status":"open","sticky":false,"template":"","format":"standard","meta":{"fifu_image_url":"","fifu_image_alt":"","footnotes":""},"categories":[29],"tags":[],"class_list":["post-70724","post","type-post","status-publish","format-standard","has-post-thumbnail","hentry","category-sociedad"],"_links":{"self":[{"href":"https:\/\/www.interaccionnoticias.com.mx\/index.php?rest_route=\/wp\/v2\/posts\/70724","targetHints":{"allow":["GET"]}}],"collection":[{"href":"https:\/\/www.interaccionnoticias.com.mx\/index.php?rest_route=\/wp\/v2\/posts"}],"about":[{"href":"https:\/\/www.interaccionnoticias.com.mx\/index.php?rest_route=\/wp\/v2\/types\/post"}],"author":[{"embeddable":true,"href":"https:\/\/www.interaccionnoticias.com.mx\/index.php?rest_route=\/wp\/v2\/users\/9"}],"replies":[{"embeddable":true,"href":"https:\/\/www.interaccionnoticias.com.mx\/index.php?rest_route=%2Fwp%2Fv2%2Fcomments&post=70724"}],"version-history":[{"count":1,"href":"https:\/\/www.interaccionnoticias.com.mx\/index.php?rest_route=\/wp\/v2\/posts\/70724\/revisions"}],"predecessor-version":[{"id":70726,"href":"https:\/\/www.interaccionnoticias.com.mx\/index.php?rest_route=\/wp\/v2\/posts\/70724\/revisions\/70726"}],"wp:featuredmedia":[{"embeddable":true,"href":"https:\/\/www.interaccionnoticias.com.mx\/index.php?rest_route=\/wp\/v2\/media\/70725"}],"wp:attachment":[{"href":"https:\/\/www.interaccionnoticias.com.mx\/index.php?rest_route=%2Fwp%2Fv2%2Fmedia&parent=70724"}],"wp:term":[{"taxonomy":"category","embeddable":true,"href":"https:\/\/www.interaccionnoticias.com.mx\/index.php?rest_route=%2Fwp%2Fv2%2Fcategories&post=70724"},{"taxonomy":"post_tag","embeddable":true,"href":"https:\/\/www.interaccionnoticias.com.mx\/index.php?rest_route=%2Fwp%2Fv2%2Ftags&post=70724"}],"curies":[{"name":"wp","href":"https:\/\/api.w.org\/{rel}","templated":true}]}}