{"id":7069,"date":"2017-08-09T19:23:46","date_gmt":"2017-08-10T00:23:46","guid":{"rendered":"http:\/\/www.inter-accion.com.mx\/?p=7069"},"modified":"2017-08-09T19:23:46","modified_gmt":"2017-08-10T00:23:46","slug":"concluye-foro-contra-la-desaparicion-de-personas-exigen-reactivar-la-busqueda-de-personas-con-vida","status":"publish","type":"post","link":"https:\/\/www.interaccionnoticias.com.mx\/?p=7069","title":{"rendered":"Concluye foro contra la desaparici\u00f3n de personas, exigen reactivar la b\u00fasqueda de personas con vida"},"content":{"rendered":"<p><strong>Participan colectivos de diferentes partes del pa\u00eds&nbsp;<\/strong><br \/>\nEste mi\u00e9rcoles concluy\u00f3 el foro contra la desaparici\u00f3n forzada de personas convocado por organismos no gubernamentales, en las conclusiones, los participantes solicitaron a los tres niveles de gobierno reactivar la b\u00fasqueda con vida de las v\u00edctimas en todo el pa\u00eds.<br \/>\nAunque el foro fue convocado por el Centro de Derechos Humanos de la Monta\u00f1a (CDHM), Tlachinollan, a los trabajos se sumaron colectivos como \u201cSiempre vivos de Chilapa\u201d, \u201cNos faltan 43\u201d de la Normal Rural de Ayotzinapa, el Centro Morelos, pero tambi\u00e9n llegaron representantes de colectivos creados en diferentes puntos de la Rep\u00fablica que enfrentan el mismo problema.<br \/>\nEn las conclusiones, lo participantes consideraron urgente retomar la b\u00fasqueda de todas las personas reportadas como desaparecidas con vida, en segundo t\u00e9rmino se plantea lo relacionado con la ubicaci\u00f3n y exploraci\u00f3n de fosas clandestinas.<br \/>\n\u201cEn toda la b\u00fasqueda; tanto en vida como para detectar personas sin vida, deben participar activamente los familiares desde las diferentes organizaciones\u201d.<br \/>\nSe plante\u00f3 la obligaci\u00f3n del Estado Mexicano en el sentido de dar protecci\u00f3n a todas las familias que est\u00e9n en el \u00e1nimo de participar en las b\u00fasquedas, como un derecho que tienen para garantizar que el proceso se mantenga vivo.<br \/>\nSe propuso que todos los colectivos y organizaciones de familiares de v\u00edctimas conozcan la ley en la materia, lo que tambi\u00e9n implica el cuidar que una vez que se tenga una legislaci\u00f3n general sobre desaparici\u00f3n forzada en el pa\u00eds, esta se publique en la lengua de los pueblos originarios.<br \/>\nLos familiares de desaparecidos asumieron que para esta en condiciones de reactivar los planes de b\u00fasqueda deben estar organizados, sin importar la cantidad de colectivos que aparezcan en el estado y el pa\u00eds, con el compromiso de impulsar un proceso unitario para no trabajar dispersos.<br \/>\nOtro proceso que debe iniciar, es hacer visible ante los ojos de la opini\u00f3n p\u00fablica la existencia de casos de desaparici\u00f3n, lo que pasa por sacar del anonimato cada uno de los asuntos, para que los desaparecidos sean acogidos por toda la poblaci\u00f3n.<br \/>\nDe acuerdo con Felipe de la Cruz, vocero de \u201cNos faltan 43\u201d, es irrefutable que el fen\u00f3meno de la desaparici\u00f3n no ha cesado en todo el pa\u00eds, lo que lleva a todas las familias de las v\u00edctimas a cerrar filas.<br \/>\n&nbsp; &nbsp; &nbsp; &nbsp; &nbsp; &nbsp;&nbsp;<\/p>\n","protected":false},"excerpt":{"rendered":"<p>Participan colectivos de diferentes partes del pa\u00eds&nbsp; Este mi\u00e9rcoles concluy\u00f3 el foro contra la desaparici\u00f3n forzada de personas convocado por organismos no gubernamentales, en las conclusiones, los participantes solicitaron a&hellip; <\/p>\n","protected":false},"author":1,"featured_media":0,"comment_status":"closed","ping_status":"closed","sticky":false,"template":"","format":"standard","meta":{"fifu_image_url":"","fifu_image_alt":"","footnotes":""},"categories":[8,15],"tags":[],"class_list":["post-7069","post","type-post","status-publish","format-standard","hentry","category-featured","category-movimientos-sociales"],"_links":{"self":[{"href":"https:\/\/www.interaccionnoticias.com.mx\/index.php?rest_route=\/wp\/v2\/posts\/7069","targetHints":{"allow":["GET"]}}],"collection":[{"href":"https:\/\/www.interaccionnoticias.com.mx\/index.php?rest_route=\/wp\/v2\/posts"}],"about":[{"href":"https:\/\/www.interaccionnoticias.com.mx\/index.php?rest_route=\/wp\/v2\/types\/post"}],"author":[{"embeddable":true,"href":"https:\/\/www.interaccionnoticias.com.mx\/index.php?rest_route=\/wp\/v2\/users\/1"}],"replies":[{"embeddable":true,"href":"https:\/\/www.interaccionnoticias.com.mx\/index.php?rest_route=%2Fwp%2Fv2%2Fcomments&post=7069"}],"version-history":[{"count":0,"href":"https:\/\/www.interaccionnoticias.com.mx\/index.php?rest_route=\/wp\/v2\/posts\/7069\/revisions"}],"wp:attachment":[{"href":"https:\/\/www.interaccionnoticias.com.mx\/index.php?rest_route=%2Fwp%2Fv2%2Fmedia&parent=7069"}],"wp:term":[{"taxonomy":"category","embeddable":true,"href":"https:\/\/www.interaccionnoticias.com.mx\/index.php?rest_route=%2Fwp%2Fv2%2Fcategories&post=7069"},{"taxonomy":"post_tag","embeddable":true,"href":"https:\/\/www.interaccionnoticias.com.mx\/index.php?rest_route=%2Fwp%2Fv2%2Ftags&post=7069"}],"curies":[{"name":"wp","href":"https:\/\/api.w.org\/{rel}","templated":true}]}}