{"id":7061,"date":"2017-08-09T18:59:54","date_gmt":"2017-08-09T23:59:54","guid":{"rendered":"http:\/\/www.inter-accion.com.mx\/?p=7061"},"modified":"2017-08-09T18:59:54","modified_gmt":"2017-08-09T23:59:54","slug":"176-policias-estatales-ratifican-su-rechazo-al-finiquito-ofrecido-por-la-ssp","status":"publish","type":"post","link":"https:\/\/www.interaccionnoticias.com.mx\/?p=7061","title":{"rendered":"176 polic\u00edas estatales ratifican su rechazo al finiquito ofrecido por la SSP"},"content":{"rendered":"<p><strong>Se manifiestan en la explanada de la CEDHG<\/strong><br \/>\nLos 176 polic\u00edas estatales despedidos de la Secretaria de Seguridad P\u00fablica (SSP) ratificaron su rechazo al finiquito ofrecido por la dependencia y manifestaron que defienden su permanencia en la corporaci\u00f3n por medio de un juicio, de tal manera que todav\u00eda no se asumen como ex elementos.<br \/>\nEn la explanada de la Comisi\u00f3n de Derechos Humanos del Estado de Guerrero (CDHEG), los polic\u00edas que impulsaron un paro laboral en mayo pasado, informaron que hasta el momento no han encontrado disposici\u00f3n real en el gobierno estatal para resolver su problema.<br \/>\nIndicaron que no aceptaron el finiquito que en su momento ofreci\u00f3 la SSP, pues consideraron que el monto no es congruente con los a\u00f1os de servicio que le otorgaron a la sociedad, lo que adem\u00e1s perjudica severamente a sus familias.<br \/>\nJos\u00e9 Mu\u00f1oz, uno de los elementos despedidos, dijo que legalmente no se les ha separado del cargo, ya que no firmaron ning\u00fan finiquito y todav\u00eda est\u00e1n registrados como elementos en activo, raz\u00f3n por la que no han podido darse de alta en ninguna otra corporaci\u00f3n.<br \/>\nAdem\u00e1s, dijo que el conflicto ya est\u00e1 en manos del Poder Judicial de la Federaci\u00f3n, pues un equipo de abogados que se acerc\u00f3 para asesorarlos se encarg\u00f3 de promover un juicio de amparo, raz\u00f3n por la que est\u00e1n a la espera de que se emita la resoluci\u00f3n del juzgado correspondiente.<br \/>\nLa presencia en la explanada de la CDHEG, destacaron que tiene la intenci\u00f3n de ratificar ante la opini\u00f3n p\u00fablica que el movimiento prevalece, que ninguno de los despedidos ha recibido el finiquito ofrecido por la SSP.<br \/>\nTambi\u00e9n, dijeron que recurrieron a dicho lugar para reprochar al presidente de la CDHEG, Ram\u00f3n Navarrete Magdaleno el que se haya colocado del lado de las autoridades estatales, no de los polic\u00edas que sostiene, son v\u00edctimas de los excesos cometidos por los altos mandos.<\/p>\n","protected":false},"excerpt":{"rendered":"<p>Se manifiestan en la explanada de la CEDHG Los 176 polic\u00edas estatales despedidos de la Secretaria de Seguridad P\u00fablica (SSP) ratificaron su rechazo al finiquito ofrecido por la dependencia y&hellip; <\/p>\n","protected":false},"author":1,"featured_media":0,"comment_status":"closed","ping_status":"closed","sticky":false,"template":"","format":"standard","meta":{"fifu_image_url":"","fifu_image_alt":"","footnotes":""},"categories":[8,15],"tags":[],"class_list":["post-7061","post","type-post","status-publish","format-standard","hentry","category-featured","category-movimientos-sociales"],"_links":{"self":[{"href":"https:\/\/www.interaccionnoticias.com.mx\/index.php?rest_route=\/wp\/v2\/posts\/7061","targetHints":{"allow":["GET"]}}],"collection":[{"href":"https:\/\/www.interaccionnoticias.com.mx\/index.php?rest_route=\/wp\/v2\/posts"}],"about":[{"href":"https:\/\/www.interaccionnoticias.com.mx\/index.php?rest_route=\/wp\/v2\/types\/post"}],"author":[{"embeddable":true,"href":"https:\/\/www.interaccionnoticias.com.mx\/index.php?rest_route=\/wp\/v2\/users\/1"}],"replies":[{"embeddable":true,"href":"https:\/\/www.interaccionnoticias.com.mx\/index.php?rest_route=%2Fwp%2Fv2%2Fcomments&post=7061"}],"version-history":[{"count":0,"href":"https:\/\/www.interaccionnoticias.com.mx\/index.php?rest_route=\/wp\/v2\/posts\/7061\/revisions"}],"wp:attachment":[{"href":"https:\/\/www.interaccionnoticias.com.mx\/index.php?rest_route=%2Fwp%2Fv2%2Fmedia&parent=7061"}],"wp:term":[{"taxonomy":"category","embeddable":true,"href":"https:\/\/www.interaccionnoticias.com.mx\/index.php?rest_route=%2Fwp%2Fv2%2Fcategories&post=7061"},{"taxonomy":"post_tag","embeddable":true,"href":"https:\/\/www.interaccionnoticias.com.mx\/index.php?rest_route=%2Fwp%2Fv2%2Ftags&post=7061"}],"curies":[{"name":"wp","href":"https:\/\/api.w.org\/{rel}","templated":true}]}}