{"id":7048,"date":"2017-08-09T17:34:38","date_gmt":"2017-08-09T22:34:38","guid":{"rendered":"http:\/\/www.inter-accion.com.mx\/?p=7048"},"modified":"2017-08-09T17:34:38","modified_gmt":"2017-08-09T22:34:38","slug":"segundo-conclave-entre-las-cupulas-del-prd-y-pan","status":"publish","type":"post","link":"https:\/\/www.interaccionnoticias.com.mx\/?p=7048","title":{"rendered":"Segundo c\u00f3nclave entre las c\u00fapulas del PRD y PAN"},"content":{"rendered":"<p><strong>De cara a los comicios de 2018&nbsp;<\/strong><br \/>\nRepresentantes de las dirigencias del PRD y del PAN en Guerrero, sostuvieron su segundo encuentro para definir la forma en que trabajar\u00e1n para el proceso electoral de 2018 en Guerrero.<br \/>\nLa reuni\u00f3n fue encabezada por los dirigentes estatales Celestino Ces\u00e1reo Guzm\u00e1n, y Marco Antonio Maganda Villalva, del PRD y PAN, respectivamente, la cual se desarroll\u00f3 esta tarde en un restaurante del centro de la capital, sin la convocatoria a medios de comunicaci\u00f3n.<br \/>\nAl concluir el encuentro, el secretario general del Comit\u00e9 Directivo Estatal (CDE) del PAN, Eloy Salmer\u00f3n D\u00edaz, se\u00f1al\u00f3 que el encuentro fue para que &nbsp;los integrantes de ambas comisiones tuvieran un acercamiento, quienes al final, ser\u00e1n las que determinen en qu\u00e9 ayuntamientos o distritos locales formar\u00e1n alianzas.<br \/>\n\u201cSe dio el primer acercamiento con la comisi\u00f3n del PRD, &nbsp;igual que la comisi\u00f3n que tiene el Partido Acci\u00f3n Nacional para buscar los puntos de coincidencia para ir fortaleciendo esta alianza, o el Frente Amplio Opositor, en el caso de Guerrero, as\u00ed como se est\u00e1 trabajando a nivel nacional, queremos consolidarlo aqu\u00ed\u201d, indic\u00f3.<br \/>\nDetall\u00f3 que m\u00e1s que llegar acuerdos espec\u00edficos entre las comisiones de ambos partidos, se trat\u00f3 de una reuni\u00f3n de acercamiento, \u201cde conocernos como integrantes de cada partido pol\u00edtico y de ir viendo qu\u00e9 propuesta tenemos cada quien, y creo que lo m\u00e1s importante que se dio hoy es la coincidencia y la seguridad de que podemos armar este Frente Amplio en Guerrero\u201d.<br \/>\nSalmer\u00f3n D\u00edaz se\u00f1al\u00f3 que el Frente Amplio busca alianzas, adem\u00e1s del PRD-PAN, &nbsp;con el partido Movimiento Ciudadano, con quienes ya est\u00e1n teniendo pl\u00e1ticas para encontrar coincidencias, y pr\u00f3ximamente estar\u00e1n buscando a militantes del PT.<br \/>\n-\u00bfA Morena, lo va a buscar?<br \/>\n-\u201cMenos Morena, y menos PRI\u201d.<br \/>\nRespecto a las cr\u00edticas de militantes perredistas sobre la alianza de su partido con uno de derecha, Salmer\u00f3n D\u00edaz se\u00f1al\u00f3 que son asuntos ajenos al PAN, por lo que no podr\u00eda emitir una opini\u00f3n, sin embargo, asegur\u00f3 que en el caso del blanquiazul &nbsp;est\u00e1n teniendo coincidencias para la construcci\u00f3n del Frente Amplio.<br \/>\n\u201cNosotros respetamos la opini\u00f3n de todos, tambi\u00e9n como nuestro partido. Afortunadamente en el PAN estamos encontrando coincidencia en la gran mayor\u00eda de los casos, en poder trabajar en este Frente Amplio. Ellos van a procesar (el PRD), seguramente sus puntos de vista de manera interna, y nosotros haremos lo propio en el partido\u201d.<br \/>\nPor su parte, Ramiro Jaimes G\u00f3mez, integrante de la Comisi\u00f3n de Alianzas de PAN, se\u00f1al\u00f3 que en el proceso est\u00e1n contempladas las figuras de coalici\u00f3n y las candidaturas comunes en distritos y ayuntamientos, las cuales se definir\u00e1n conforme a los datos que convengan al Frente Amplio.<br \/>\nDijo que en algunos casos hay simpat\u00edas por parte del electorado hacia los partidos pol\u00edticos, y en otros hacia candidatos, por lo que el proyecto es no dejar fuera a ninguna de las posibilidades.<br \/>\nEn la reuni\u00f3n estuvieron presentes tambi\u00e9n, por el PRD, el secretario del Comit\u00e9 Ejecutivo Estatal Alberto Catal\u00e1n Bastida, y el presidente de la Comisi\u00f3n de Alianzas, Salvador Mojica Morga, y por el PAN, la ex diputada local, Irma Lilia Garz\u00f3n Bernal, y su representante ante \u00f3rganos electorales, Arturo Mill\u00e1n S\u00e1nchez.&nbsp;<\/p>\n","protected":false},"excerpt":{"rendered":"<p>De cara a los comicios de 2018&nbsp; Representantes de las dirigencias del PRD y del PAN en Guerrero, sostuvieron su segundo encuentro para definir la forma en que trabajar\u00e1n para&hellip; <\/p>\n","protected":false},"author":1,"featured_media":0,"comment_status":"closed","ping_status":"closed","sticky":false,"template":"","format":"standard","meta":{"fifu_image_url":"","fifu_image_alt":"","footnotes":""},"categories":[8,18],"tags":[],"class_list":["post-7048","post","type-post","status-publish","format-standard","hentry","category-featured","category-partidos-politicos"],"_links":{"self":[{"href":"https:\/\/www.interaccionnoticias.com.mx\/index.php?rest_route=\/wp\/v2\/posts\/7048","targetHints":{"allow":["GET"]}}],"collection":[{"href":"https:\/\/www.interaccionnoticias.com.mx\/index.php?rest_route=\/wp\/v2\/posts"}],"about":[{"href":"https:\/\/www.interaccionnoticias.com.mx\/index.php?rest_route=\/wp\/v2\/types\/post"}],"author":[{"embeddable":true,"href":"https:\/\/www.interaccionnoticias.com.mx\/index.php?rest_route=\/wp\/v2\/users\/1"}],"replies":[{"embeddable":true,"href":"https:\/\/www.interaccionnoticias.com.mx\/index.php?rest_route=%2Fwp%2Fv2%2Fcomments&post=7048"}],"version-history":[{"count":0,"href":"https:\/\/www.interaccionnoticias.com.mx\/index.php?rest_route=\/wp\/v2\/posts\/7048\/revisions"}],"wp:attachment":[{"href":"https:\/\/www.interaccionnoticias.com.mx\/index.php?rest_route=%2Fwp%2Fv2%2Fmedia&parent=7048"}],"wp:term":[{"taxonomy":"category","embeddable":true,"href":"https:\/\/www.interaccionnoticias.com.mx\/index.php?rest_route=%2Fwp%2Fv2%2Fcategories&post=7048"},{"taxonomy":"post_tag","embeddable":true,"href":"https:\/\/www.interaccionnoticias.com.mx\/index.php?rest_route=%2Fwp%2Fv2%2Ftags&post=7048"}],"curies":[{"name":"wp","href":"https:\/\/api.w.org\/{rel}","templated":true}]}}