{"id":7043,"date":"2017-08-09T17:10:11","date_gmt":"2017-08-09T22:10:11","guid":{"rendered":"http:\/\/www.inter-accion.com.mx\/?p=7043"},"modified":"2017-08-09T17:10:11","modified_gmt":"2017-08-09T22:10:11","slug":"tecampaneros-de-teloloapan-torturaron-a-policias-estatales","status":"publish","type":"post","link":"https:\/\/www.interaccionnoticias.com.mx\/?p=7043","title":{"rendered":"Tecampaneros de Teloloapan torturaron a polic\u00edas estatales"},"content":{"rendered":"<p>Tras supuesta agresi\u00f3n de la FM los retuvieron durante varias horas<br \/>\nEl gobierno de Guerrero confirm\u00f3 la retenci\u00f3n de cinco personas, cuatro de ellas elementos de la Secretar\u00eda de Seguridad P\u00fablica (SSP) a manos de la Polic\u00eda Tecampanera de Teloloapan, tras un enfrentamiento en el que un menor que forma parte de la autodefensa fue lesionado de un roz\u00f3n en la mano izquierda.<br \/>\nDesde la noche de martes 8 de agosto, la Polic\u00eda del Estado report\u00f3 que despu\u00e9s de las 21:00 horas, a la altura de la colonia Mexicalpan, integrantes de la autodenominada Polic\u00eda Comunitaria Tecampanera (PCT) fueron atacados por una supuesta c\u00e9lula de la Familia Michoacana (FM).<br \/>\nAntes de la media noche, se confirm\u00f3 que en la balacera result\u00f3 lesionado un joven de 17 a\u00f1os, al cual se le identific\u00f3 como Julio Castro Montebello, de 17 a\u00f1os, quien presentaba una herida de bala en la mu\u00f1eca de la mano izquierda, por lo que se le traslad\u00f3 hacia una cl\u00ednica de la localidad.<br \/>\nTambi\u00e9n se confirm\u00f3 la retenci\u00f3n de dos veh\u00edculos y cinco personas; las unidades eran una camioneta habilitada para dar servicios funerarios y un auto compacto tipo Vento.<br \/>\nPara la tarde del mi\u00e9rcoles 9, la SSP emiti\u00f3 un comunicado en el que habl\u00f3 sobre los hechos registrados en la cabecera municipal de Teloloapan.<br \/>\nDe primera instancia, el personal de la Polic\u00eda del Estado confirm\u00f3 que los integrantes de la PCT ten\u00edan en su poder una camioneta&nbsp;marca Honda, tipo Odyssey, propiedad de una funeraria ubicada en la Delegaci\u00f3n Iztapalapa de la Ciudad de M\u00e9xico, a la que se le observaban varios impactos de arma de fuego, tanto en el parabrisas como en la carrocer\u00eda.<br \/>\nEl veh\u00edculo marca Volkswagen, tipo Vento, ten\u00eda las placas de circulaci\u00f3n HB244 del estado de Guerrero.<br \/>\nLas personas retenidas eran el conductor de la camioneta funeraria y cuatro personas que viajaban en el Vento, lo que inicialmente negaron los comunitarios hasta la ma\u00f1ana del mi\u00e9rcoles, pero por la presi\u00f3n que ejerci\u00f3 la SSP aceptaron que los ten\u00edan en su poder.<br \/>\nInicialmente dijeron que los retenidos ser\u00edan liberados despu\u00e9s de someter el caso a consulta popular, entre habitantes de la cabecera municipal de Teloloapan.<br \/>\nLos integrantes de la PCT argumentaron que abrieron fuego contra ambas unidades porque los ocupantes de ambos veh\u00edculos no se detuvieron cuando se les marc\u00f3 el alto, por el contrario, aceleraron la marcha y los agredieron con armas de fuego.<br \/>\nDe la agresi\u00f3n por parte de los retenidos no se presentaron pruebas contundentes, salvo el caso del joven lesionado, pero se opusieron a que personal del Ministerio P\u00fablico del Fuero Com\u00fan (MPFC) realizara las diligencias de ley.&nbsp;<br \/>\nAnte la resistencia, m\u00e1s elementos de la Polic\u00eda del Estado se trasladaron la ma\u00f1ana del mi\u00e9rcoles a Teloloapan con el fin de liberar a las personas retenidas y despejar las v\u00edas de comunicaci\u00f3n, que ya se encontraban cerradas.<br \/>\nPara las 14:30 horas, despu\u00e9s de un di\u00e1logo con los dirigentes de la PCT, los cuatro retenidos que se desplazaban en el Vento fueron liberados, los que se anota, resultaron ser Polic\u00edas Estatales adscritos a la Regi\u00f3n de Tierra Caliente, quienes el martes por la tarde salieron francos y se dirig\u00edan a sus respectivos domicilios particulares, para visitar a sus familias.<br \/>\nM\u00e1s tarde se logr\u00f3 la liberaci\u00f3n del conductor de la camioneta Odyssey.<br \/>\nCon los cinco retenidos libres,&nbsp;personal del Ej\u00e9rcito Mexicano y de la SSP iniciaron un patrullaje en la zona con la intenci\u00f3n de garantizar la seguridad de las personas y el libre tr\u00e1nsito por las v\u00edas de comunicaci\u00f3n.<br \/>\nEn el comunicado de la SSP, se anota que los cinco retenidos presentan golpes en diferentes partes del cuerpo, producto del interrogatorio al que fueron sometidos por parte de los tecampaneros, lo que se anticip\u00f3, ser\u00e1 consignados ante las autoridades, para que se determinen las responsabilidades legales a que haya lugar.<br \/>\n<strong>El alcalde guarda silencio<\/strong><br \/>\nLa jornada del mi\u00e9rcoles 9 de agosto, el alcalde de Teloloapan, Robell Uruostegui Pati\u00f1o estuvo en la cabecera municipal de Tixtla, en el desfile conmemorativo al natalicio del general Vicente Guerrero Salda\u00f1a, consumador de la Independencia de M\u00e9xico.<br \/>\nAunque varios comunicadores se le aproximaron, el jefe de cabildo se abstuvo de emitir declaraciones respecto a lo que pasa en el municipio que se encuentra bajo su responsabilidad.<br \/>\nUriostegui Pati\u00f1o enfrenta amenazas de muerte por parte de la Familia Michoacana (FM), grupo del crimen organizado que este fin de semana difundi\u00f3&nbsp;&nbsp;un video para reprochar al gobierno del estado la forma en que lo puso a salvo cuando se planeaba un atentado en contra del jefe de cabildo.<br \/>\nEn su momento, el gobernador H\u00e9ctor Astudillo Flores reconoci\u00f3 que su administraci\u00f3n hizo lo necesario para que las personas retenidas fueran liberadas.<br \/>\n&nbsp;&nbsp;&nbsp;<\/p>\n","protected":false},"excerpt":{"rendered":"<p>Tras supuesta agresi\u00f3n de la FM los retuvieron durante varias horas El gobierno de Guerrero confirm\u00f3 la retenci\u00f3n de cinco personas, cuatro de ellas elementos de la Secretar\u00eda de Seguridad&hellip; <\/p>\n","protected":false},"author":1,"featured_media":0,"comment_status":"closed","ping_status":"closed","sticky":false,"template":"","format":"standard","meta":{"fifu_image_url":"","fifu_image_alt":"","footnotes":""},"categories":[8,27],"tags":[],"class_list":["post-7043","post","type-post","status-publish","format-standard","hentry","category-featured","category-seguridad-publica"],"_links":{"self":[{"href":"https:\/\/www.interaccionnoticias.com.mx\/index.php?rest_route=\/wp\/v2\/posts\/7043","targetHints":{"allow":["GET"]}}],"collection":[{"href":"https:\/\/www.interaccionnoticias.com.mx\/index.php?rest_route=\/wp\/v2\/posts"}],"about":[{"href":"https:\/\/www.interaccionnoticias.com.mx\/index.php?rest_route=\/wp\/v2\/types\/post"}],"author":[{"embeddable":true,"href":"https:\/\/www.interaccionnoticias.com.mx\/index.php?rest_route=\/wp\/v2\/users\/1"}],"replies":[{"embeddable":true,"href":"https:\/\/www.interaccionnoticias.com.mx\/index.php?rest_route=%2Fwp%2Fv2%2Fcomments&post=7043"}],"version-history":[{"count":0,"href":"https:\/\/www.interaccionnoticias.com.mx\/index.php?rest_route=\/wp\/v2\/posts\/7043\/revisions"}],"wp:attachment":[{"href":"https:\/\/www.interaccionnoticias.com.mx\/index.php?rest_route=%2Fwp%2Fv2%2Fmedia&parent=7043"}],"wp:term":[{"taxonomy":"category","embeddable":true,"href":"https:\/\/www.interaccionnoticias.com.mx\/index.php?rest_route=%2Fwp%2Fv2%2Fcategories&post=7043"},{"taxonomy":"post_tag","embeddable":true,"href":"https:\/\/www.interaccionnoticias.com.mx\/index.php?rest_route=%2Fwp%2Fv2%2Ftags&post=7043"}],"curies":[{"name":"wp","href":"https:\/\/api.w.org\/{rel}","templated":true}]}}