{"id":7037,"date":"2017-08-08T21:08:49","date_gmt":"2017-08-09T02:08:49","guid":{"rendered":"http:\/\/www.inter-accion.com.mx\/?p=7037"},"modified":"2017-08-08T21:08:49","modified_gmt":"2017-08-09T02:08:49","slug":"onu-y-cndh-reprochan-la-inadecuada-atencion-al-problema-de-la-desaparicion-de-personas","status":"publish","type":"post","link":"https:\/\/www.interaccionnoticias.com.mx\/?p=7037","title":{"rendered":"ONU y CNDH reprochan la inadecuada atenci\u00f3n al problema de la desaparici\u00f3n de personas"},"content":{"rendered":"<p><strong>Hay casi de 30 mil casos en todo el pa\u00eds, mil 115 en Guerrero<\/strong><br \/>\nEl representante del alto comisionado de la ONU en materia de derechos humanos, Jan Jarab y el presidente de la Comisi\u00f3n Nacional de Derechos Humanos (CNDH), Ra\u00fal Gonz\u00e1lez P\u00e9rez consideraron como grave la ausencia de una legislaci\u00f3n general en materia de desaparici\u00f3n de involuntaria de personas, ya que al no tipificarla como un delito grave, se alienta la impunidad entre los perpetradores.<br \/>\nEn la sede diocesana de Chilpancingo, los representantes de la ONU y CNDH participaron al foro denominado \u201cContra el dolor y el miedo\u201d, convocado por el Centro de Derechos Humanos de la Monta\u00f1a (CDHM) Tlachinollan, al que acudieron representantes del colectivo \u201cNos Faltan 43\u201d, que aglutina a los padres de los estudiantes de la Normal Rural de Ayotzinapa, atacados en Iguala la noche del 26 de septiembre de 2014.<br \/>\nEstuvieron representantes de \u201cLos otros desaparecidos de Iguala\u201d, del colectivo \u201cSiempre vivos\u201d de Chilapa de Alvarez, as\u00ed como grupos de diferentes partes de la Rep\u00fablica que comparten el mismo problema, la desaparici\u00f3n involuntaria de cientos de personas, muchas de ellas relacionadas con actos de poder o del crimen organizado.<br \/>\n<strong>La terrible coincidencia<\/strong><br \/>\nEn la exposici\u00f3n del alto comisionado de la ONU y del presidente de la CNDH, se tuvo como coincidencia el argumento de que la desaparici\u00f3n de personas es un fen\u00f3meno que duele a todos, principalmente porque a pesar de todos los esfuerzos que se han hecho no se le ha podido erradicar.<br \/>\n\u201cLa desaparici\u00f3n forzada de personas y aquella cometida por particulares, lamentablemente continua siendo una realidad en el pa\u00eds y constituyen uno de los actos m\u00e1s graves con los que se atenta y niega la dignidad humana\u201d.<br \/>\nEn el caso de la desaparici\u00f3n forzada, se indic\u00f3 que representa una de las violaciones m\u00e1s graves a los derechos humanos, que es considerada de naturaleza continua o permanente, ya que no se agota con el acto privativo de la libertad, por el contrario, su consumaci\u00f3n se prolonga hasta en tanto la victima aparezca o se determine su destino.<br \/>\nLas desapariciones de personas, de acuerdo con los m\u00e1ximos representantes de instancias de derechos humanos que hay en el pa\u00eds y en la ONU, no solo perjudican a las v\u00edctimas directas, tambi\u00e9n alcanzan a sus familias y por lo tanto, las autoridades deben hacer de las herramientas necesarias para atender el problema de manera integral.&nbsp;&nbsp;&nbsp;<br \/>\nEntre la razones que permiten que el fen\u00f3meno prevalezca, de acuerdo con las exposiciones, est\u00e1 la ausencia de una ley general en la materia, que regule todos los aspectos de la desaparici\u00f3n forzada, la que actualmente se encuentra sujeta a discusi\u00f3n en el Congreso de la Uni\u00f3n.<br \/>\nTambi\u00e9n se mencion\u00f3 la falta de investigaciones ministeriales homog\u00e9neas para la b\u00fasqueda y localizaci\u00f3n de personas desaparecidas, la falta de equipos profesionales para realizar dichas b\u00fasquedas y tambi\u00e9n la ausencia de un adecuado registro de casos presentados, que permitan distinguir claramente los asuntos que impliquen una desaparici\u00f3n forzada.<br \/>\nEntre otras cosas, se hizo notar que hace falta coordinaci\u00f3n entre autoridades federales, estatales y municipales para prevenir, perseguir y sancionar la desaparici\u00f3n de personas.<br \/>\nIncluso, se se\u00f1al\u00f3 la escasa capacitaci\u00f3n que hay en los servidores p\u00fablicos que deben atender este tema, lo que se agrava cuando se toma en cuenta el nivel de impunidad y violencia que prevalece en algunas partes del pa\u00eds.&nbsp;&nbsp;&nbsp;&nbsp;&nbsp;&nbsp;&nbsp;&nbsp;<br \/>\n<strong>La estad\u00edstica negra<\/strong><br \/>\nDe acuerdo con los reportes dados a conocer por la CNDH, hasta octubre de 2016&nbsp;&nbsp;se tiene un registro de 29 mil 903 personas que se encuentran en calidad de desaparecidas, de ellas 28 mil 937 corresponden al Fuero Com\u00fan y 966 al Fuero Federal.<br \/>\nAdem\u00e1s, se tiene que en los \u00faltimos 10 a\u00f1os hay un incremento de personas desaparecidas, pues en 2007 hubo 662 casos; en 2008 se contaron 822; en 2009 mil 401; en 2010 3 mil 227; en 2011 4 mil 094 casos; en 2012 fueron 3 mil 343; en 2013 3 mil 878; en 2014 4 mil 2014; en 2015 3 mil 768 y para octubre de 2016 se registraron 3 mil 805 casos de desaparici\u00f3n de personas.<br \/>\nEl 82. 71 porciento de los casos reportados corresponden a 23 mil 934 casos registrados en 11 estados de la Rep\u00fablica.<br \/>\nTamaulipas ocupa el primer lugar con 5 mil 563 casos; Estado de M\u00e9xico es el segundo con 10 2 mil 984; el tercero es Jalisco con 2 mil 523; cuarto Sinaloa con 2 mil 385; quinto Nuevo Le\u00f3n con 2 mil 374; sexto Chihuahua con mil 933; s\u00e9ptimo Coahuila con mil 620; s\u00e9ptimo Sonora con mil 288; octavo Guerrero con&nbsp;&nbsp;mil 115; noveno Puebla con mil 080 y la d\u00e9cima posici\u00f3n la ocupa Michoac\u00e1n con mil 029 casos no esclarecidos.<br \/>\nEn el delito de Desaparici\u00f3n Forzada, de 2011 a 2015, la Agencia del Ministerio P\u00fablico del Fuero Com\u00fan, especializada en ese delito inici\u00f3 18 averiguaciones previas, de ella 11 contin\u00faan en tr\u00e1mite, en 4 se determin\u00f3 el no ejercicio de la acci\u00f3n penal, 2 se remitieron por incompetencia a la Fiscal\u00eda de Delitos Graves y la Fiscal\u00eda Especializada de B\u00fasqueda de Personas Desaparecidas.<br \/>\nTambi\u00e9n de 2011 a 2015, la Agencia Especializada en Desaparici\u00f3n Forzada de Personas recibi\u00f3 por incompetencia 57 averiguaciones previas, 45 se encuentran en tr\u00e1mite y en dos se determin\u00f3 el no ejercicio de la acci\u00f3n penal, 3 fueron remitidas por incompetencia, en tanto que en 7 indagatorias se emiti\u00f3 el acuerdo correspondiente.<br \/>\nEl factor que prevalece en torno al tema de la desaparici\u00f3n de personas, de acuerdo con los participantes en el foro realizado en Chilpancingo, es la impunidad.<br \/>\n&nbsp;<\/p>\n","protected":false},"excerpt":{"rendered":"<p>Hay casi de 30 mil casos en todo el pa\u00eds, mil 115 en Guerrero El representante del alto comisionado de la ONU en materia de derechos humanos, Jan Jarab y&hellip; <\/p>\n","protected":false},"author":1,"featured_media":0,"comment_status":"closed","ping_status":"closed","sticky":false,"template":"","format":"standard","meta":{"fifu_image_url":"","fifu_image_alt":"","footnotes":""},"categories":[8,15],"tags":[],"class_list":["post-7037","post","type-post","status-publish","format-standard","hentry","category-featured","category-movimientos-sociales"],"_links":{"self":[{"href":"https:\/\/www.interaccionnoticias.com.mx\/index.php?rest_route=\/wp\/v2\/posts\/7037","targetHints":{"allow":["GET"]}}],"collection":[{"href":"https:\/\/www.interaccionnoticias.com.mx\/index.php?rest_route=\/wp\/v2\/posts"}],"about":[{"href":"https:\/\/www.interaccionnoticias.com.mx\/index.php?rest_route=\/wp\/v2\/types\/post"}],"author":[{"embeddable":true,"href":"https:\/\/www.interaccionnoticias.com.mx\/index.php?rest_route=\/wp\/v2\/users\/1"}],"replies":[{"embeddable":true,"href":"https:\/\/www.interaccionnoticias.com.mx\/index.php?rest_route=%2Fwp%2Fv2%2Fcomments&post=7037"}],"version-history":[{"count":0,"href":"https:\/\/www.interaccionnoticias.com.mx\/index.php?rest_route=\/wp\/v2\/posts\/7037\/revisions"}],"wp:attachment":[{"href":"https:\/\/www.interaccionnoticias.com.mx\/index.php?rest_route=%2Fwp%2Fv2%2Fmedia&parent=7037"}],"wp:term":[{"taxonomy":"category","embeddable":true,"href":"https:\/\/www.interaccionnoticias.com.mx\/index.php?rest_route=%2Fwp%2Fv2%2Fcategories&post=7037"},{"taxonomy":"post_tag","embeddable":true,"href":"https:\/\/www.interaccionnoticias.com.mx\/index.php?rest_route=%2Fwp%2Fv2%2Ftags&post=7037"}],"curies":[{"name":"wp","href":"https:\/\/api.w.org\/{rel}","templated":true}]}}