{"id":70314,"date":"2023-10-28T15:27:45","date_gmt":"2023-10-28T20:27:45","guid":{"rendered":"https:\/\/interaccionnoticias.com.mx\/?p=70314"},"modified":"2023-10-28T15:27:47","modified_gmt":"2023-10-28T20:27:47","slug":"piden-que-el-congreso-de-guerrero-sesione-de-manera-urgente-para-definir-acciones-ante-las-afectaciones-del-huracan-otis","status":"publish","type":"post","link":"https:\/\/www.interaccionnoticias.com.mx\/?p=70314","title":{"rendered":"Piden que el Congreso de Guerrero sesione de manera urgente, para definir acciones ante las afectaciones del hurac\u00e1n \u201cOtis\u201d"},"content":{"rendered":"\n<p><strong><em>&#8212; Urge atender la contingencia con ayuda humanitaria para miles de damnificados<br>&#8212; Se debe plantear a la federaci\u00f3n que considere recursos suficientes para la reconstrucci\u00f3n, anota H\u00e9ctor Apreza, coordinador parlamentario del PRI<\/em><\/strong><\/p>\n\n\n\n<p><strong>Rogelio Agust\u00edn<\/strong><\/p>\n\n\n\n<p>El coordinador del Grupo Parlamentario del PRI, H\u00e9ctor Apreza Patr\u00f3n consider\u00f3 urgente que el pleno del Congreso local sesione para definir una ruta de trabajo en torno a la contingencia generada por el hurac\u00e1n \u201cOtis\u201d, adem\u00e1s de exigir la liberaci\u00f3n de recursos extraordinarios para atender la emergencia y comenzar el proceso de reconstrucci\u00f3n, de Acapulco y comunidades devastadas.<\/p>\n\n\n\n<p>Apreza Patr\u00f3n consider\u00f3 necesario que los representantes populares de Guerrero definan como van a canalizar ayuda humanitaria a las miles de familias afectadas, particularmente en las zonas m\u00e1s apartadas de Acapulco, en donde todav\u00eda no se tiene una dimensi\u00f3n real del nivel del impacto que tuvo el fen\u00f3meno natural.<\/p>\n\n\n\n<p>Tambi\u00e9n, destac\u00f3 que se debe comenzar a trabajar en tareas legislativas que ayuden a orientar las acciones institucionales que se realizan en el puerto, pero tambi\u00e9n en municipios como Coyuca de Ben\u00edtez, donde se sabe que el hurac\u00e1n \u201cOtis\u201d gener\u00f3 una severa afectaci\u00f3n.<\/p>\n\n\n\n<p>En el tema legislativo, dijo que se debe entrar de manera r\u00e1pida a una revisi\u00f3n del paquete econ\u00f3mico que el Gobierno de Guerrero entreg\u00f3 el pasado 15 de octubre a trav\u00e9s de la Secretar\u00eda de Finanzas, ya que de manera inevitable, las afectaciones del hurac\u00e1n van a propiciar una reorientaci\u00f3n del gasto p\u00fablico.<\/p>\n\n\n\n<p>El secretario de la Junta de Coordinaci\u00f3n Pol\u00edtica (JUCOPO), reconoci\u00f3 que los diputados locales que radican en el puerto de Acapulco seguramente ya comenzaron a realizar algunos trabajos de manera emergente, sin embargo, destac\u00f3 que los esfuerzos deben ser encauzados de manera colegiada, para que se tenga una participaci\u00f3n m\u00e1s efectiva en estos momentos de emergencia.<\/p>\n\n\n\n<p>El Congreso de Guerrero, de acuerdo con Apreza Patr\u00f3n, debe hacer un llamado al Gobierno de la Rep\u00fablica para que destine recursos extraordinarios en dos momentos; primero para atender la emergencia y despu\u00e9s para proyectar la reconstrucci\u00f3n de Acapulco y dem\u00e1s municipios afectados.<\/p>\n","protected":false},"excerpt":{"rendered":"<p>&#8212; Urge atender la contingencia con ayuda humanitaria para miles de damnificados&#8212; Se debe plantear a la federaci\u00f3n que considere recursos suficientes para la reconstrucci\u00f3n, anota H\u00e9ctor Apreza, coordinador parlamentario&hellip; <\/p>\n","protected":false},"author":21,"featured_media":68378,"comment_status":"open","ping_status":"open","sticky":false,"template":"","format":"standard","meta":{"fifu_image_url":"","fifu_image_alt":"","footnotes":""},"categories":[2],"tags":[],"class_list":["post-70314","post","type-post","status-publish","format-standard","has-post-thumbnail","hentry","category-congreso"],"_links":{"self":[{"href":"https:\/\/www.interaccionnoticias.com.mx\/index.php?rest_route=\/wp\/v2\/posts\/70314","targetHints":{"allow":["GET"]}}],"collection":[{"href":"https:\/\/www.interaccionnoticias.com.mx\/index.php?rest_route=\/wp\/v2\/posts"}],"about":[{"href":"https:\/\/www.interaccionnoticias.com.mx\/index.php?rest_route=\/wp\/v2\/types\/post"}],"author":[{"embeddable":true,"href":"https:\/\/www.interaccionnoticias.com.mx\/index.php?rest_route=\/wp\/v2\/users\/21"}],"replies":[{"embeddable":true,"href":"https:\/\/www.interaccionnoticias.com.mx\/index.php?rest_route=%2Fwp%2Fv2%2Fcomments&post=70314"}],"version-history":[{"count":1,"href":"https:\/\/www.interaccionnoticias.com.mx\/index.php?rest_route=\/wp\/v2\/posts\/70314\/revisions"}],"predecessor-version":[{"id":70315,"href":"https:\/\/www.interaccionnoticias.com.mx\/index.php?rest_route=\/wp\/v2\/posts\/70314\/revisions\/70315"}],"wp:featuredmedia":[{"embeddable":true,"href":"https:\/\/www.interaccionnoticias.com.mx\/index.php?rest_route=\/wp\/v2\/media\/68378"}],"wp:attachment":[{"href":"https:\/\/www.interaccionnoticias.com.mx\/index.php?rest_route=%2Fwp%2Fv2%2Fmedia&parent=70314"}],"wp:term":[{"taxonomy":"category","embeddable":true,"href":"https:\/\/www.interaccionnoticias.com.mx\/index.php?rest_route=%2Fwp%2Fv2%2Fcategories&post=70314"},{"taxonomy":"post_tag","embeddable":true,"href":"https:\/\/www.interaccionnoticias.com.mx\/index.php?rest_route=%2Fwp%2Fv2%2Ftags&post=70314"}],"curies":[{"name":"wp","href":"https:\/\/api.w.org\/{rel}","templated":true}]}}