{"id":70299,"date":"2023-10-27T22:48:23","date_gmt":"2023-10-28T03:48:23","guid":{"rendered":"https:\/\/interaccionnoticias.com.mx\/?p=70299"},"modified":"2023-10-27T22:48:26","modified_gmt":"2023-10-28T03:48:26","slug":"alcaldesa-de-acapulco-reporta-que-oficialmente-solo-se-conoce-un-saldo-de-13-muertos-y-cuatro-desaparecidos","status":"publish","type":"post","link":"https:\/\/www.interaccionnoticias.com.mx\/?p=70299","title":{"rendered":"Alcaldesa de Acapulco reporta que oficialmente solo se conoce un saldo de 13 muertos y cuatro desaparecidos"},"content":{"rendered":"\n<p><strong><em>&#8212; Aunque el presidente de la Rep\u00fablica hab\u00eda dado a conocer el saldo de 28 muertos y tres desaparecidos<br>&#8212; La certeza se tendr\u00e1 hasta que la FGE emita un corte, se\u00f1ala Abelina L\u00f3pez<\/em><\/strong><\/p>\n\n\n\n<p><strong>Rogelio Agust\u00edn<\/strong><\/p>\n\n\n\n<p>A tres d\u00edas de que el hurac\u00e1n \u201cOtis\u201d tocara tierra en el puerto de Acapulco, las autoridades no tienen precisi\u00f3n respecto a la cantidad de muertes y desapariciones que ha provocado dicho fen\u00f3meno natural.<\/p>\n\n\n\n<p>La ma\u00f1ana del 26 de octubre, en un enlace telef\u00f3nico con la conferencia matutina realizada en Palacio Nacional, la gobernadora Evelyn Salgado Pineda dio a conocer un saldo preliminar generado por el hurac\u00e1n, dando a conocer el dato de 27 muertos y tres desaparecidos.<\/p>\n\n\n\n<p>El dato fue confirmado por la titular de la Secretar\u00eda de Seguridad P\u00fablica Federal, Rosa Icela Rodr\u00edguez.<\/p>\n\n\n\n<p>Pero en la misma conferencia, el presidente de la Rep\u00fablica, Andr\u00e9s Manuel L\u00f3pez Obrador dio a conocer una actualizaci\u00f3n, los cuatro desaparecidos eran elementos de la Marina, de los que uno hab\u00eda sido localizado sin vida.<\/p>\n\n\n\n<p>El jueves 26, el secretario de comunicaci\u00f3n social, Ignacio Orbe declar\u00f3 que la relaci\u00f3n ya era de 30 muertos, agregando dos casos m\u00e1s, entre ellos el de una menor de edad que hab\u00eda sido arrastrada por una creciente de agua.<\/p>\n\n\n\n<p>Este viernes 27 de octubre, la alcaldesa Abelina L\u00f3pez Rodr\u00edguez manifest\u00f3 que hasta el momento, reporte oficial es de 13 personas muertas y cuatro desaparecidas.<\/p>\n\n\n\n<p>Cuestionada sobre la dificultad que existe para que la cantidad de muertos se reduzca, la jefa del cabildo porte\u00f1o apunt\u00f3: \u201cEso es lo que se habla en la mesa (donde se encuentran las instituciones de los tres niveles de gobierno), hablan de 13 muertos y cuatro desaparecidos oficialmente, yo no puedo ir m\u00e1s all\u00e1\u201d.<\/p>\n\n\n\n<p>Ante las dudas generada por la diferencia en los datos manejados, la presidenta municipal sostuvo que la certeza se va a tener hasta que la Fiscal\u00eda General del Estado (FGE) de a conocer un corte de manera oficial.<\/p>\n\n\n\n<p>Antes, hab\u00eda dicho que ten\u00eda conocimiento de nueve casos fatales en la colonia Francisco Villa y cinco m\u00e1s en la colonia 20 de noviembre, sin embargo, su respuesta en un principio era titubeante.<\/p>\n\n\n\n<p>La primera edil recuper\u00f3 el aplomo cuando destac\u00f3 que su declaraci\u00f3n se ce\u00f1\u00eda \u00fanicamente a lo que se ha comentado en la mesa de control, que trabaja solamente con base a datos oficiales.<\/p>\n","protected":false},"excerpt":{"rendered":"<p>&#8212; Aunque el presidente de la Rep\u00fablica hab\u00eda dado a conocer el saldo de 28 muertos y tres desaparecidos&#8212; La certeza se tendr\u00e1 hasta que la FGE emita un corte,&hellip; <\/p>\n","protected":false},"author":21,"featured_media":70300,"comment_status":"open","ping_status":"open","sticky":false,"template":"","format":"standard","meta":{"fifu_image_url":"","fifu_image_alt":"","footnotes":""},"categories":[242],"tags":[],"class_list":["post-70299","post","type-post","status-publish","format-standard","has-post-thumbnail","hentry","category-acapulco"],"_links":{"self":[{"href":"https:\/\/www.interaccionnoticias.com.mx\/index.php?rest_route=\/wp\/v2\/posts\/70299","targetHints":{"allow":["GET"]}}],"collection":[{"href":"https:\/\/www.interaccionnoticias.com.mx\/index.php?rest_route=\/wp\/v2\/posts"}],"about":[{"href":"https:\/\/www.interaccionnoticias.com.mx\/index.php?rest_route=\/wp\/v2\/types\/post"}],"author":[{"embeddable":true,"href":"https:\/\/www.interaccionnoticias.com.mx\/index.php?rest_route=\/wp\/v2\/users\/21"}],"replies":[{"embeddable":true,"href":"https:\/\/www.interaccionnoticias.com.mx\/index.php?rest_route=%2Fwp%2Fv2%2Fcomments&post=70299"}],"version-history":[{"count":1,"href":"https:\/\/www.interaccionnoticias.com.mx\/index.php?rest_route=\/wp\/v2\/posts\/70299\/revisions"}],"predecessor-version":[{"id":70301,"href":"https:\/\/www.interaccionnoticias.com.mx\/index.php?rest_route=\/wp\/v2\/posts\/70299\/revisions\/70301"}],"wp:featuredmedia":[{"embeddable":true,"href":"https:\/\/www.interaccionnoticias.com.mx\/index.php?rest_route=\/wp\/v2\/media\/70300"}],"wp:attachment":[{"href":"https:\/\/www.interaccionnoticias.com.mx\/index.php?rest_route=%2Fwp%2Fv2%2Fmedia&parent=70299"}],"wp:term":[{"taxonomy":"category","embeddable":true,"href":"https:\/\/www.interaccionnoticias.com.mx\/index.php?rest_route=%2Fwp%2Fv2%2Fcategories&post=70299"},{"taxonomy":"post_tag","embeddable":true,"href":"https:\/\/www.interaccionnoticias.com.mx\/index.php?rest_route=%2Fwp%2Fv2%2Ftags&post=70299"}],"curies":[{"name":"wp","href":"https:\/\/api.w.org\/{rel}","templated":true}]}}