{"id":70217,"date":"2023-10-26T18:24:57","date_gmt":"2023-10-26T23:24:57","guid":{"rendered":"https:\/\/interaccionnoticias.com.mx\/?p=70217"},"modified":"2023-10-26T18:24:59","modified_gmt":"2023-10-26T23:24:59","slug":"regresan-a-clases-cinco-regiones-del-estado-de-guerrero-este-viernes-27-de-octubre","status":"publish","type":"post","link":"https:\/\/www.interaccionnoticias.com.mx\/?p=70217","title":{"rendered":"Regresan a clases cinco regiones del estado de Guerrero, este viernes 27 de octubre"},"content":{"rendered":"\n<p><em><strong>&#8212; Se mantiene la suspensi\u00f3n en Acapulco y las dos costas<\/strong><\/em><\/p>\n\n\n\n<p><strong>Rogelio Agust\u00edn<\/strong><\/p>\n\n\n\n<p>El Gobierno de Guerrero determin\u00f3 regresar a clases en cinco regiones de la entidad, pero se mantienen suspendidas las actividades acad\u00e9micas en Acapulco, Costa-Chica y Costa Grande, por las afectaciones del hurac\u00e1n \u201cOtis\u201d.<\/p>\n\n\n\n<p>La tarde del jueves, la Secretar\u00eda de Educaci\u00f3n Guerrero (SEG) inform\u00f3 que tras las recomendaciones hechas por la Secretar\u00eda de Protecci\u00f3n Civil, con el \u00e1nimo de mantener a salvo la integridad de la comunidad escolar.<\/p>\n\n\n\n<p>La disposici\u00f3n implica que se mantiene vigente la suspensi\u00f3n de las actividades acad\u00e9micas en todos los niveles y planteles escolares de Acapulco, Costa Chica y Costa Grande.<\/p>\n\n\n\n<p>En cambio, se se\u00f1ala que las regiones Centro, Sierra, Monta\u00f1a, zona Norte y Tierra Caliente deben regresar a clases de manera regular este viernes.<\/p>\n\n\n\n<p>Desde el martes 24 de octubre, la SEG determin\u00f3 suspender las clases en todas las regiones, a partir de la entrada en territorio Guerrerense de \u201cOtis\u201d, que inicialmente estaba considerada como tormenta tropical, pero que r\u00e1pidamente evolucion\u00f3 a hurac\u00e1n nivel 5, el m\u00e1s fuerte que ha impactado a esta entidad federativa.<\/p>\n","protected":false},"excerpt":{"rendered":"<p>&#8212; Se mantiene la suspensi\u00f3n en Acapulco y las dos costas Rogelio Agust\u00edn El Gobierno de Guerrero determin\u00f3 regresar a clases en cinco regiones de la entidad, pero se mantienen&hellip; <\/p>\n","protected":false},"author":21,"featured_media":70218,"comment_status":"open","ping_status":"open","sticky":false,"template":"","format":"standard","meta":{"fifu_image_url":"","fifu_image_alt":"","footnotes":""},"categories":[6],"tags":[],"class_list":["post-70217","post","type-post","status-publish","format-standard","has-post-thumbnail","hentry","category-educacion"],"_links":{"self":[{"href":"https:\/\/www.interaccionnoticias.com.mx\/index.php?rest_route=\/wp\/v2\/posts\/70217","targetHints":{"allow":["GET"]}}],"collection":[{"href":"https:\/\/www.interaccionnoticias.com.mx\/index.php?rest_route=\/wp\/v2\/posts"}],"about":[{"href":"https:\/\/www.interaccionnoticias.com.mx\/index.php?rest_route=\/wp\/v2\/types\/post"}],"author":[{"embeddable":true,"href":"https:\/\/www.interaccionnoticias.com.mx\/index.php?rest_route=\/wp\/v2\/users\/21"}],"replies":[{"embeddable":true,"href":"https:\/\/www.interaccionnoticias.com.mx\/index.php?rest_route=%2Fwp%2Fv2%2Fcomments&post=70217"}],"version-history":[{"count":1,"href":"https:\/\/www.interaccionnoticias.com.mx\/index.php?rest_route=\/wp\/v2\/posts\/70217\/revisions"}],"predecessor-version":[{"id":70219,"href":"https:\/\/www.interaccionnoticias.com.mx\/index.php?rest_route=\/wp\/v2\/posts\/70217\/revisions\/70219"}],"wp:featuredmedia":[{"embeddable":true,"href":"https:\/\/www.interaccionnoticias.com.mx\/index.php?rest_route=\/wp\/v2\/media\/70218"}],"wp:attachment":[{"href":"https:\/\/www.interaccionnoticias.com.mx\/index.php?rest_route=%2Fwp%2Fv2%2Fmedia&parent=70217"}],"wp:term":[{"taxonomy":"category","embeddable":true,"href":"https:\/\/www.interaccionnoticias.com.mx\/index.php?rest_route=%2Fwp%2Fv2%2Fcategories&post=70217"},{"taxonomy":"post_tag","embeddable":true,"href":"https:\/\/www.interaccionnoticias.com.mx\/index.php?rest_route=%2Fwp%2Fv2%2Ftags&post=70217"}],"curies":[{"name":"wp","href":"https:\/\/api.w.org\/{rel}","templated":true}]}}