{"id":70214,"date":"2023-10-26T18:20:58","date_gmt":"2023-10-26T23:20:58","guid":{"rendered":"https:\/\/interaccionnoticias.com.mx\/?p=70214"},"modified":"2023-10-26T18:22:52","modified_gmt":"2023-10-26T23:22:52","slug":"rescata-a-cuatro-personas-atrapadas-por-la-crecida-del-rio-las-truchas","status":"publish","type":"post","link":"https:\/\/www.interaccionnoticias.com.mx\/?p=70214","title":{"rendered":"Rescata a cuatro personas atrapadas por la crecida del R\u00edo Las Truchas"},"content":{"rendered":"\n<p><strong><em>&#8212; En el municipio de Ajuchitl\u00e1n del Progreso, donde tambi\u00e9n hay afectaciones por el hurac\u00e1n \u201cOtis\u201d<\/em><\/strong><\/p>\n\n\n\n<p><strong>Rogelio Agust\u00edn<\/strong><\/p>\n\n\n\n<p><strong>Chilpancingo, Gro., 26 de octubre de 2023.-<\/strong> Personal operativo de la Secretar\u00eda de Protecci\u00f3n Civil, adscritos a la Tierra Caliente, contaron con el apoyo de pobladores para rescatar a cuatro personas que hab\u00edan quedado atrapadas en un \u00e1rbol, en medio de la creciente del r\u00edo \u201cLas Truchas\u201d.<\/p>\n\n\n\n<p>La dependencia estatal conflrm\u00f3 que el nivel del r\u00edo creci\u00f3 a consecuencia de las lluvias provocadas por el hurac\u00e1n \u201cOtis\u201d.<\/p>\n\n\n\n<p>Se se\u00f1ala que el rescate se logr\u00f3 \u201cdespu\u00e9s de varios intentos y de aplicar distintas estrategias\u201d.<\/p>\n\n\n\n<p>Las personas que permanec\u00edan emn la parte alta de un \u00e1rbol fueron rescatadas durante las primeras horas del jueves, por lo que r\u00e1pidamente se procedi\u00f3 a brindarles la atenci\u00f3n m\u00e9dica correspondiente.<\/p>\n\n\n\n<p>Se se\u00f1ala adem\u00e1s, que entre las cuatro personas rescatadas se encontraba un menor de edad, el cual fue trasladado al centro de salud de la cabecera municipal de Ajuchitl\u00e1n del Progreso, para recibir la atenci\u00f3n correspondientes.<\/p>\n\n\n\n<p>De acuerdo con los testimonios, las personas fueron sorprendidas por la crecida del caudal de dicho r\u00edo, logrando refugiarse entre los \u00e1rboles de la zona, ubicada entre el puente y el camino que comunica con la localidad de \u201cEl Reparo\u201d.<\/p>\n","protected":false},"excerpt":{"rendered":"<p>&#8212; En el municipio de Ajuchitl\u00e1n del Progreso, donde tambi\u00e9n hay afectaciones por el hurac\u00e1n \u201cOtis\u201d Rogelio Agust\u00edn Chilpancingo, Gro., 26 de octubre de 2023.- Personal operativo de la Secretar\u00eda&hellip; <\/p>\n","protected":false},"author":21,"featured_media":70215,"comment_status":"open","ping_status":"open","sticky":false,"template":"","format":"standard","meta":{"fifu_image_url":"","fifu_image_alt":"","footnotes":""},"categories":[9],"tags":[],"class_list":["post-70214","post","type-post","status-publish","format-standard","has-post-thumbnail","hentry","category-fenomenos-naturales"],"_links":{"self":[{"href":"https:\/\/www.interaccionnoticias.com.mx\/index.php?rest_route=\/wp\/v2\/posts\/70214","targetHints":{"allow":["GET"]}}],"collection":[{"href":"https:\/\/www.interaccionnoticias.com.mx\/index.php?rest_route=\/wp\/v2\/posts"}],"about":[{"href":"https:\/\/www.interaccionnoticias.com.mx\/index.php?rest_route=\/wp\/v2\/types\/post"}],"author":[{"embeddable":true,"href":"https:\/\/www.interaccionnoticias.com.mx\/index.php?rest_route=\/wp\/v2\/users\/21"}],"replies":[{"embeddable":true,"href":"https:\/\/www.interaccionnoticias.com.mx\/index.php?rest_route=%2Fwp%2Fv2%2Fcomments&post=70214"}],"version-history":[{"count":1,"href":"https:\/\/www.interaccionnoticias.com.mx\/index.php?rest_route=\/wp\/v2\/posts\/70214\/revisions"}],"predecessor-version":[{"id":70216,"href":"https:\/\/www.interaccionnoticias.com.mx\/index.php?rest_route=\/wp\/v2\/posts\/70214\/revisions\/70216"}],"wp:featuredmedia":[{"embeddable":true,"href":"https:\/\/www.interaccionnoticias.com.mx\/index.php?rest_route=\/wp\/v2\/media\/70215"}],"wp:attachment":[{"href":"https:\/\/www.interaccionnoticias.com.mx\/index.php?rest_route=%2Fwp%2Fv2%2Fmedia&parent=70214"}],"wp:term":[{"taxonomy":"category","embeddable":true,"href":"https:\/\/www.interaccionnoticias.com.mx\/index.php?rest_route=%2Fwp%2Fv2%2Fcategories&post=70214"},{"taxonomy":"post_tag","embeddable":true,"href":"https:\/\/www.interaccionnoticias.com.mx\/index.php?rest_route=%2Fwp%2Fv2%2Ftags&post=70214"}],"curies":[{"name":"wp","href":"https:\/\/api.w.org\/{rel}","templated":true}]}}