{"id":70166,"date":"2023-10-25T18:26:04","date_gmt":"2023-10-25T23:26:04","guid":{"rendered":"https:\/\/interaccionnoticias.com.mx\/?p=70166"},"modified":"2023-10-25T18:26:06","modified_gmt":"2023-10-25T23:26:06","slug":"mantiene-la-seg-la-suspension-de-clases-en-los-81-municipios-de-guerrero","status":"publish","type":"post","link":"https:\/\/www.interaccionnoticias.com.mx\/?p=70166","title":{"rendered":"Mantiene la SEG la suspensi\u00f3n de clases en los 81 municipios de Guerrero"},"content":{"rendered":"\n<p><em><strong>&#8212; Por el paso del hurac\u00e1n \u201cOtis\u201d<\/strong><\/em><\/p>\n\n\n\n<p><strong>Rogelio Agust\u00edn<\/strong><\/p>\n\n\n\n<p>La Secretar\u00eda de Educaci\u00f3n Guerrero (SEG) inform\u00f3 que a partir del paso del hurac\u00e1n \u201cOtis\u201d, las clases en todos los niveles y en los 81 municipios del estado se suspender\u00e1n durante la jornada del jueves 26 de octubre.<\/p>\n\n\n\n<p>La suspensi\u00f3n de actividades acad\u00e9micas en realidad comenz\u00f3 desde la jornada del mi\u00e9rcoles 25, a petici\u00f3n de la Secretar\u00eda de Protecci\u00f3n Civil, con la intenci\u00f3n de salvaguardar la integridad de la comunidad estudiantil, la planta docente y los trabajadores administrativos y de intendencia.<\/p>\n\n\n\n<p>Los turnos matutino y vespertino, en las ocho regiones de la entidad deben acatar la disposici\u00f3n de la SEG, confirm\u00f3 el titular de la dependencia, Marcial Rodr\u00edguez Salda\u00f1a.<\/p>\n\n\n\n<p>Se espera que a la suspensi\u00f3n se sume la Universidad Aut\u00f3noma de Guerrero (UAGro), instituci\u00f3n que tiene una matricula de m\u00e1s de 80 mil alumnos y 5 mil trabajadores.<\/p>\n\n\n\n<div class=\"wp-block-jetpack-slideshow aligncenter\" data-effect=\"slide\"><div class=\"wp-block-jetpack-slideshow_container swiper-container\"><ul class=\"wp-block-jetpack-slideshow_swiper-wrapper swiper-wrapper\"><li class=\"wp-block-jetpack-slideshow_slide swiper-slide\"><figure><img decoding=\"async\" src=\"data:image\/gif;base64,R0lGODlhAQABAIAAAAAAAP\/\/\/ywAAAAAAQABAAACAUwAOw==\" fifu-lazy=\"1\" fifu-data-sizes=\"auto\" fifu-data-srcset=\"https:\/\/i0.wp.com\/interaccionnoticias.com.mx\/wp-content\/uploads\/2023\/10\/231025-suspension-de-clases-1024x683.jpg?ssl=1&w=75&resize=75&ssl=1 75w, https:\/\/i0.wp.com\/interaccionnoticias.com.mx\/wp-content\/uploads\/2023\/10\/231025-suspension-de-clases-1024x683.jpg?ssl=1&w=100&resize=100&ssl=1 100w, https:\/\/i0.wp.com\/interaccionnoticias.com.mx\/wp-content\/uploads\/2023\/10\/231025-suspension-de-clases-1024x683.jpg?ssl=1&w=150&resize=150&ssl=1 150w, https:\/\/i0.wp.com\/interaccionnoticias.com.mx\/wp-content\/uploads\/2023\/10\/231025-suspension-de-clases-1024x683.jpg?ssl=1&w=240&resize=240&ssl=1 240w, https:\/\/i0.wp.com\/interaccionnoticias.com.mx\/wp-content\/uploads\/2023\/10\/231025-suspension-de-clases-1024x683.jpg?ssl=1&w=320&resize=320&ssl=1 320w, https:\/\/i0.wp.com\/interaccionnoticias.com.mx\/wp-content\/uploads\/2023\/10\/231025-suspension-de-clases-1024x683.jpg?ssl=1&w=500&resize=500&ssl=1 500w, https:\/\/i0.wp.com\/interaccionnoticias.com.mx\/wp-content\/uploads\/2023\/10\/231025-suspension-de-clases-1024x683.jpg?ssl=1&w=640&resize=640&ssl=1 640w, https:\/\/i0.wp.com\/interaccionnoticias.com.mx\/wp-content\/uploads\/2023\/10\/231025-suspension-de-clases-1024x683.jpg?ssl=1&w=800&resize=800&ssl=1 800w, https:\/\/i0.wp.com\/interaccionnoticias.com.mx\/wp-content\/uploads\/2023\/10\/231025-suspension-de-clases-1024x683.jpg?ssl=1&w=1024&resize=1024&ssl=1 1024w, https:\/\/i0.wp.com\/interaccionnoticias.com.mx\/wp-content\/uploads\/2023\/10\/231025-suspension-de-clases-1024x683.jpg?ssl=1&w=1280&resize=1280&ssl=1 1280w, https:\/\/i0.wp.com\/interaccionnoticias.com.mx\/wp-content\/uploads\/2023\/10\/231025-suspension-de-clases-1024x683.jpg?ssl=1&w=1600&resize=1600&ssl=1 1600w\" alt=\"\" class=\"wp-block-jetpack-slideshow_image wp-image-70167\" data-id=\"70167\" fifu-data-src=\"https:\/\/i0.wp.com\/interaccionnoticias.com.mx\/wp-content\/uploads\/2023\/10\/231025-suspension-de-clases-1024x683.jpg?ssl=1\"\/><\/figure><\/li><\/ul><a class=\"wp-block-jetpack-slideshow_button-prev swiper-button-prev swiper-button-white\" role=\"button\"><\/a><a class=\"wp-block-jetpack-slideshow_button-next swiper-button-next swiper-button-white\" role=\"button\"><\/a><a aria-label=\"Pause Slideshow\" class=\"wp-block-jetpack-slideshow_button-pause\" role=\"button\"><\/a><div class=\"wp-block-jetpack-slideshow_pagination swiper-pagination swiper-pagination-white\"><\/div><\/div><\/div>\n","protected":false},"excerpt":{"rendered":"<p>&#8212; Por el paso del hurac\u00e1n \u201cOtis\u201d Rogelio Agust\u00edn La Secretar\u00eda de Educaci\u00f3n Guerrero (SEG) inform\u00f3 que a partir del paso del hurac\u00e1n \u201cOtis\u201d, las clases en todos los niveles&hellip; <\/p>\n","protected":false},"author":21,"featured_media":70167,"comment_status":"open","ping_status":"open","sticky":false,"template":"","format":"standard","meta":{"fifu_image_url":"","fifu_image_alt":"","footnotes":""},"categories":[6],"tags":[],"class_list":["post-70166","post","type-post","status-publish","format-standard","has-post-thumbnail","hentry","category-educacion"],"_links":{"self":[{"href":"https:\/\/www.interaccionnoticias.com.mx\/index.php?rest_route=\/wp\/v2\/posts\/70166","targetHints":{"allow":["GET"]}}],"collection":[{"href":"https:\/\/www.interaccionnoticias.com.mx\/index.php?rest_route=\/wp\/v2\/posts"}],"about":[{"href":"https:\/\/www.interaccionnoticias.com.mx\/index.php?rest_route=\/wp\/v2\/types\/post"}],"author":[{"embeddable":true,"href":"https:\/\/www.interaccionnoticias.com.mx\/index.php?rest_route=\/wp\/v2\/users\/21"}],"replies":[{"embeddable":true,"href":"https:\/\/www.interaccionnoticias.com.mx\/index.php?rest_route=%2Fwp%2Fv2%2Fcomments&post=70166"}],"version-history":[{"count":1,"href":"https:\/\/www.interaccionnoticias.com.mx\/index.php?rest_route=\/wp\/v2\/posts\/70166\/revisions"}],"predecessor-version":[{"id":70168,"href":"https:\/\/www.interaccionnoticias.com.mx\/index.php?rest_route=\/wp\/v2\/posts\/70166\/revisions\/70168"}],"wp:featuredmedia":[{"embeddable":true,"href":"https:\/\/www.interaccionnoticias.com.mx\/index.php?rest_route=\/wp\/v2\/media\/70167"}],"wp:attachment":[{"href":"https:\/\/www.interaccionnoticias.com.mx\/index.php?rest_route=%2Fwp%2Fv2%2Fmedia&parent=70166"}],"wp:term":[{"taxonomy":"category","embeddable":true,"href":"https:\/\/www.interaccionnoticias.com.mx\/index.php?rest_route=%2Fwp%2Fv2%2Fcategories&post=70166"},{"taxonomy":"post_tag","embeddable":true,"href":"https:\/\/www.interaccionnoticias.com.mx\/index.php?rest_route=%2Fwp%2Fv2%2Ftags&post=70166"}],"curies":[{"name":"wp","href":"https:\/\/api.w.org\/{rel}","templated":true}]}}