{"id":7016,"date":"2017-08-08T16:46:53","date_gmt":"2017-08-08T21:46:53","guid":{"rendered":"http:\/\/www.inter-accion.com.mx\/?p=7016"},"modified":"2017-08-08T16:46:53","modified_gmt":"2017-08-08T21:46:53","slug":"analiza-desarrollo-rural-la-afectacion-a-tierras-de-cultivo-en-acatepec","status":"publish","type":"post","link":"https:\/\/www.interaccionnoticias.com.mx\/?p=7016","title":{"rendered":"Analiza Desarrollo Rural la afectaci\u00f3n a tierras de cultivo en Acatepec"},"content":{"rendered":"<p>La Secretar\u00eda de Agricultura Ganader\u00eda y Desarrollo Rural del Estado de Guerrero (Sagadegro) todav\u00eda analiza la dimensi\u00f3n de los da\u00f1os que la lluvia ocasion\u00f3 en tierras de cultivo y ganado en el municipio de Acatepec, los d\u00edas jueves y viernes de la semana pasada.<br \/>\nLos d\u00edas 3 y 4 de agosto, la cabecera municipal de Acatepec&nbsp;&nbsp;y sus comunidades fueron azotadas por varias tormentas locales, lo que gener\u00f3 afectaciones en tierras de cultivo de ma\u00edz y frijol, principalmente.<br \/>\nEl gobierno municipal solicit\u00f3 el apoyo de la administraci\u00f3n municipal para efecto de que se emita una declaratoria de desastre, con la intenci\u00f3n de que se liberen apoyos del Fondo de Desastres Naturales (Fonden), ya que la mayor\u00eda de los habitantes viven del autoconsumo de lo que siembran.<br \/>\nEl lunes 7 de agosto, el gobernador H\u00e9ctor Astudillo Flores manifest\u00f3 que en esa parte de la entidad no hab\u00eda nada grave, por lo que solamente se destinaron algunos apoyos emergentes que necesitaba la poblaci\u00f3n.<br \/>\nLa ma\u00f1ana del martes 8, el titular de Sagadegro, Juan Jos\u00e9 Castro Justo explic\u00f3 que las afectaciones en materia del campo a\u00fan est\u00e1n en proceso de evaluaci\u00f3n, para efecto de conocer la dimensi\u00f3n real.<br \/>\nReconoci\u00f3 que hubo cabezas de ganado muertas, pero aclar\u00f3 que estas no est\u00e1n contempladas en el seguro catastr\u00f3fico, principalmente porque no se encuentran registrados oficialmente.<br \/>\nPor esa raz\u00f3n, dijo que en breve se conocer\u00e1 la dimensi\u00f3n real de lo que ha sucedido en el municipio de Acatepec.<\/p>\n","protected":false},"excerpt":{"rendered":"<p>La Secretar\u00eda de Agricultura Ganader\u00eda y Desarrollo Rural del Estado de Guerrero (Sagadegro) todav\u00eda analiza la dimensi\u00f3n de los da\u00f1os que la lluvia ocasion\u00f3 en tierras de cultivo y ganado&hellip; <\/p>\n","protected":false},"author":1,"featured_media":0,"comment_status":"closed","ping_status":"closed","sticky":false,"template":"","format":"standard","meta":{"fifu_image_url":"","fifu_image_alt":"","footnotes":""},"categories":[8,23],"tags":[],"class_list":["post-7016","post","type-post","status-publish","format-standard","hentry","category-featured","category-regionales"],"_links":{"self":[{"href":"https:\/\/www.interaccionnoticias.com.mx\/index.php?rest_route=\/wp\/v2\/posts\/7016","targetHints":{"allow":["GET"]}}],"collection":[{"href":"https:\/\/www.interaccionnoticias.com.mx\/index.php?rest_route=\/wp\/v2\/posts"}],"about":[{"href":"https:\/\/www.interaccionnoticias.com.mx\/index.php?rest_route=\/wp\/v2\/types\/post"}],"author":[{"embeddable":true,"href":"https:\/\/www.interaccionnoticias.com.mx\/index.php?rest_route=\/wp\/v2\/users\/1"}],"replies":[{"embeddable":true,"href":"https:\/\/www.interaccionnoticias.com.mx\/index.php?rest_route=%2Fwp%2Fv2%2Fcomments&post=7016"}],"version-history":[{"count":0,"href":"https:\/\/www.interaccionnoticias.com.mx\/index.php?rest_route=\/wp\/v2\/posts\/7016\/revisions"}],"wp:attachment":[{"href":"https:\/\/www.interaccionnoticias.com.mx\/index.php?rest_route=%2Fwp%2Fv2%2Fmedia&parent=7016"}],"wp:term":[{"taxonomy":"category","embeddable":true,"href":"https:\/\/www.interaccionnoticias.com.mx\/index.php?rest_route=%2Fwp%2Fv2%2Fcategories&post=7016"},{"taxonomy":"post_tag","embeddable":true,"href":"https:\/\/www.interaccionnoticias.com.mx\/index.php?rest_route=%2Fwp%2Fv2%2Ftags&post=7016"}],"curies":[{"name":"wp","href":"https:\/\/api.w.org\/{rel}","templated":true}]}}