{"id":70113,"date":"2023-10-24T14:12:00","date_gmt":"2023-10-24T19:12:00","guid":{"rendered":"https:\/\/interaccionnoticias.com.mx\/?p=70113"},"modified":"2023-10-25T00:59:45","modified_gmt":"2023-10-25T05:59:45","slug":"guardan-el-congreso-de-guerrero-un-minuto-de-silencio-a-favor-de-la-paz","status":"publish","type":"post","link":"https:\/\/www.interaccionnoticias.com.mx\/?p=70113","title":{"rendered":"Guardan el Congreso de Guerrero un minuto de silencio \u201ca favor de la paz\u201d"},"content":{"rendered":"\n<p><em><strong>&#8212; No mencionan las 23 muertes registradas la jornada del lunes 23 de octubre<\/strong><\/em><\/p>\n\n\n\n<p><strong>Rogelio Agust\u00edn<\/strong><\/p>\n\n\n\n<p>El Congreso de Guerrero guard\u00f3 un minuto de silencio a favor de la paz, un d\u00eda despu\u00e9s de que se registrara el asesinato de 23 personas en diferentes puntos de la entidad, entre ellas el de 13 elementos de Seguridad P\u00fablica Municipal en el municipio de Coyuca de Ben\u00edtez.<\/p>\n\n\n\n<p>El munito de silencio fue propuesto por Marco Tulio S\u00e1nchez Alarc\u00f3n, integrante del Grupo Parlamentario de MORENA y representante en el Congreso del distrito correspondiente a Coyuca de Ben\u00edtez, en el inicio de la sesi\u00f3n programada para este martes 24 de octubre.<\/p>\n\n\n\n<p>El diputado S\u00e1nchez Alarc\u00f3n no hizo alusi\u00f3n a los 23 asesinatos registrados la jornada del lunes; 13 en Coyuca de Ben\u00edtez, el municipio que representa en el Congreso, cuatro en Iguala, tres en Juan R. Escudero, dos en Chilpancingo y uno en Copala, en la regi\u00f3n de la Costa Chica.<\/p>\n\n\n\n<p>\u201cUn minuto de silencio a favor de la paz\u201d, dijo el representante popular al argumentar la propuesta, que fue considerada viable por la Mesa Directiva y secundada por el pleno.<\/p>\n\n\n\n<p>No se hizo menci\u00f3n a las v\u00edctimas mortales del lunes, sin embargo, los 33 legisladores presentes de MORENA, PRI, PRD, PAN, PT y PVEM se pusieron de pie de manera respetuosa y durante 30 segundos guardaron silencio.<\/p>\n\n\n\n<p>No hubo ninguna intervenci\u00f3n en torno al tema durante el resto d ela sesi\u00f3n<\/p>\n","protected":false},"excerpt":{"rendered":"<p>&#8212; No mencionan las 23 muertes registradas la jornada del lunes 23 de octubre Rogelio Agust\u00edn El Congreso de Guerrero guard\u00f3 un minuto de silencio a favor de la paz,&hellip; <\/p>\n","protected":false},"author":21,"featured_media":70114,"comment_status":"open","ping_status":"open","sticky":false,"template":"","format":"standard","meta":{"fifu_image_url":"","fifu_image_alt":"","footnotes":""},"categories":[2],"tags":[],"class_list":["post-70113","post","type-post","status-publish","format-standard","has-post-thumbnail","hentry","category-congreso"],"_links":{"self":[{"href":"https:\/\/www.interaccionnoticias.com.mx\/index.php?rest_route=\/wp\/v2\/posts\/70113","targetHints":{"allow":["GET"]}}],"collection":[{"href":"https:\/\/www.interaccionnoticias.com.mx\/index.php?rest_route=\/wp\/v2\/posts"}],"about":[{"href":"https:\/\/www.interaccionnoticias.com.mx\/index.php?rest_route=\/wp\/v2\/types\/post"}],"author":[{"embeddable":true,"href":"https:\/\/www.interaccionnoticias.com.mx\/index.php?rest_route=\/wp\/v2\/users\/21"}],"replies":[{"embeddable":true,"href":"https:\/\/www.interaccionnoticias.com.mx\/index.php?rest_route=%2Fwp%2Fv2%2Fcomments&post=70113"}],"version-history":[{"count":1,"href":"https:\/\/www.interaccionnoticias.com.mx\/index.php?rest_route=\/wp\/v2\/posts\/70113\/revisions"}],"predecessor-version":[{"id":70115,"href":"https:\/\/www.interaccionnoticias.com.mx\/index.php?rest_route=\/wp\/v2\/posts\/70113\/revisions\/70115"}],"wp:featuredmedia":[{"embeddable":true,"href":"https:\/\/www.interaccionnoticias.com.mx\/index.php?rest_route=\/wp\/v2\/media\/70114"}],"wp:attachment":[{"href":"https:\/\/www.interaccionnoticias.com.mx\/index.php?rest_route=%2Fwp%2Fv2%2Fmedia&parent=70113"}],"wp:term":[{"taxonomy":"category","embeddable":true,"href":"https:\/\/www.interaccionnoticias.com.mx\/index.php?rest_route=%2Fwp%2Fv2%2Fcategories&post=70113"},{"taxonomy":"post_tag","embeddable":true,"href":"https:\/\/www.interaccionnoticias.com.mx\/index.php?rest_route=%2Fwp%2Fv2%2Ftags&post=70113"}],"curies":[{"name":"wp","href":"https:\/\/api.w.org\/{rel}","templated":true}]}}