{"id":70109,"date":"2023-10-24T13:44:00","date_gmt":"2023-10-24T18:44:00","guid":{"rendered":"https:\/\/interaccionnoticias.com.mx\/?p=70109"},"modified":"2023-10-25T00:49:48","modified_gmt":"2023-10-25T05:49:48","slug":"protestan-normalistas-en-monumento-a-las-banderas-en-exigencia-de-plazas","status":"publish","type":"post","link":"https:\/\/www.interaccionnoticias.com.mx\/?p=70109","title":{"rendered":"Protestan normalistas en Monumento a las banderas en exigencia de plazas"},"content":{"rendered":"\n<p><strong>Rosario Garc\u00eda Orozco<\/strong><\/p>\n\n\n\n<p><strong>Chilpancingo, Gro., 24 de octubre del 2023.-<\/strong> Egresados de distintas normales p\u00fablicas de la entidad, bloquearon la Avenida L\u00e1zaro C\u00e1rdenas de esta ciudad, a la altura del Monumento a las Banderas, en exigencia de plazas docentes.<\/p>\n\n\n\n<p>Los manifestantes arribaron al lugar, y bloquearon el sentido el sentido sur-norte de la Avenida L\u00e1zaro Cardenas, para exigir que se instale una mesa de negociaci\u00f3n con el secretario de Educaci\u00f3n Marcial Rodr\u00edguez Salda\u00f1a, el subsecretario de Finanzas Alejandro Lira, y la directora General de la Unidad Estatal del Sistema para la Carrera de los Maestros y las Maestras (Uesicamm), Lucila Rangel Santos, quienes son responsables de la asignaci\u00f3n de plazas.<\/p>\n\n\n\n<p>Los egresados de escuelas normales hicieron el llamado a las autoridades educativas para que les den soluci\u00f3n a su demanda, \u00abque se abran m\u00e1s centros de trabajo no s\u00f3lo para egresados de educaci\u00f3n primaria, sino tambi\u00e9n para telesecundaria y educaci\u00f3n ind\u00edgena, que es en las \u00e1reas en las que no nos han dado espacios\u00bb.<\/p>\n\n\n\n<p>Convocaron a los egresados de las distintas normales p\u00fablicas del Estado a unirse a \u00absu lucha\u00bb, y exigir que se cumpla el compromiso que asumieron las autoridades educativas a nivel federal desde la creaci\u00f3n del Uesicamm, entre los que se encuentran la asignaci\u00f3n transparente de plazas, \u00abque ahora se ha visto que es un proceso err\u00e1tico, por lo que convocaron a los responsables de la educaci\u00f3n en Guerrero a esclarecer la estrategia de asignaci\u00f3n de plazas\u00bb.<\/p>\n\n\n\n<p>Lamentaron que a pesar de que egresaron hace un a\u00f1o, ya participaron en el proceso de concurso por las plazas y obtuvieron esos espacios, la Secretar\u00eda de Educaci\u00f3n Guerrero no se las han entregado, por lo que exigieron la inmediata asignaci\u00f3n de plazas.<\/p>\n\n\n\n<p>Advirtieron que van a seguir las protestas hasta que se les cumpla con la entrega de plazas, \u00abporque es un derecho que ya nos ganamos\u00bb.<\/p>\n\n\n\n<div class=\"wp-block-jetpack-slideshow aligncenter\" data-effect=\"slide\"><div class=\"wp-block-jetpack-slideshow_container swiper-container\"><ul class=\"wp-block-jetpack-slideshow_swiper-wrapper swiper-wrapper\"><li class=\"wp-block-jetpack-slideshow_slide swiper-slide\"><figure><img decoding=\"async\" src=\"data:image\/gif;base64,R0lGODlhAQABAIAAAAAAAP\/\/\/ywAAAAAAQABAAACAUwAOw==\" fifu-lazy=\"1\" fifu-data-sizes=\"auto\" fifu-data-srcset=\"https:\/\/i3.wp.com\/interaccionnoticias.com.mx\/wp-content\/uploads\/2023\/10\/231024-normalistas-1-1024x683.jpg?ssl=1&w=75&resize=75&ssl=1 75w, https:\/\/i3.wp.com\/interaccionnoticias.com.mx\/wp-content\/uploads\/2023\/10\/231024-normalistas-1-1024x683.jpg?ssl=1&w=100&resize=100&ssl=1 100w, https:\/\/i3.wp.com\/interaccionnoticias.com.mx\/wp-content\/uploads\/2023\/10\/231024-normalistas-1-1024x683.jpg?ssl=1&w=150&resize=150&ssl=1 150w, https:\/\/i3.wp.com\/interaccionnoticias.com.mx\/wp-content\/uploads\/2023\/10\/231024-normalistas-1-1024x683.jpg?ssl=1&w=240&resize=240&ssl=1 240w, https:\/\/i3.wp.com\/interaccionnoticias.com.mx\/wp-content\/uploads\/2023\/10\/231024-normalistas-1-1024x683.jpg?ssl=1&w=320&resize=320&ssl=1 320w, https:\/\/i3.wp.com\/interaccionnoticias.com.mx\/wp-content\/uploads\/2023\/10\/231024-normalistas-1-1024x683.jpg?ssl=1&w=500&resize=500&ssl=1 500w, https:\/\/i3.wp.com\/interaccionnoticias.com.mx\/wp-content\/uploads\/2023\/10\/231024-normalistas-1-1024x683.jpg?ssl=1&w=640&resize=640&ssl=1 640w, https:\/\/i3.wp.com\/interaccionnoticias.com.mx\/wp-content\/uploads\/2023\/10\/231024-normalistas-1-1024x683.jpg?ssl=1&w=800&resize=800&ssl=1 800w, https:\/\/i3.wp.com\/interaccionnoticias.com.mx\/wp-content\/uploads\/2023\/10\/231024-normalistas-1-1024x683.jpg?ssl=1&w=1024&resize=1024&ssl=1 1024w, https:\/\/i3.wp.com\/interaccionnoticias.com.mx\/wp-content\/uploads\/2023\/10\/231024-normalistas-1-1024x683.jpg?ssl=1&w=1280&resize=1280&ssl=1 1280w, https:\/\/i3.wp.com\/interaccionnoticias.com.mx\/wp-content\/uploads\/2023\/10\/231024-normalistas-1-1024x683.jpg?ssl=1&w=1600&resize=1600&ssl=1 1600w\" alt=\"\" class=\"wp-block-jetpack-slideshow_image wp-image-70110\" data-id=\"70110\" fifu-data-src=\"https:\/\/i3.wp.com\/interaccionnoticias.com.mx\/wp-content\/uploads\/2023\/10\/231024-normalistas-1-1024x683.jpg?ssl=1\"\/><\/figure><\/li><li class=\"wp-block-jetpack-slideshow_slide swiper-slide\"><figure><img decoding=\"async\" src=\"data:image\/gif;base64,R0lGODlhAQABAIAAAAAAAP\/\/\/ywAAAAAAQABAAACAUwAOw==\" fifu-lazy=\"1\" fifu-data-sizes=\"auto\" fifu-data-srcset=\"https:\/\/i0.wp.com\/interaccionnoticias.com.mx\/wp-content\/uploads\/2023\/10\/231024-normalistas-2-1024x683.jpg?ssl=1&w=75&resize=75&ssl=1 75w, https:\/\/i0.wp.com\/interaccionnoticias.com.mx\/wp-content\/uploads\/2023\/10\/231024-normalistas-2-1024x683.jpg?ssl=1&w=100&resize=100&ssl=1 100w, https:\/\/i0.wp.com\/interaccionnoticias.com.mx\/wp-content\/uploads\/2023\/10\/231024-normalistas-2-1024x683.jpg?ssl=1&w=150&resize=150&ssl=1 150w, https:\/\/i0.wp.com\/interaccionnoticias.com.mx\/wp-content\/uploads\/2023\/10\/231024-normalistas-2-1024x683.jpg?ssl=1&w=240&resize=240&ssl=1 240w, https:\/\/i0.wp.com\/interaccionnoticias.com.mx\/wp-content\/uploads\/2023\/10\/231024-normalistas-2-1024x683.jpg?ssl=1&w=320&resize=320&ssl=1 320w, https:\/\/i0.wp.com\/interaccionnoticias.com.mx\/wp-content\/uploads\/2023\/10\/231024-normalistas-2-1024x683.jpg?ssl=1&w=500&resize=500&ssl=1 500w, https:\/\/i0.wp.com\/interaccionnoticias.com.mx\/wp-content\/uploads\/2023\/10\/231024-normalistas-2-1024x683.jpg?ssl=1&w=640&resize=640&ssl=1 640w, https:\/\/i0.wp.com\/interaccionnoticias.com.mx\/wp-content\/uploads\/2023\/10\/231024-normalistas-2-1024x683.jpg?ssl=1&w=800&resize=800&ssl=1 800w, https:\/\/i0.wp.com\/interaccionnoticias.com.mx\/wp-content\/uploads\/2023\/10\/231024-normalistas-2-1024x683.jpg?ssl=1&w=1024&resize=1024&ssl=1 1024w, https:\/\/i0.wp.com\/interaccionnoticias.com.mx\/wp-content\/uploads\/2023\/10\/231024-normalistas-2-1024x683.jpg?ssl=1&w=1280&resize=1280&ssl=1 1280w, https:\/\/i0.wp.com\/interaccionnoticias.com.mx\/wp-content\/uploads\/2023\/10\/231024-normalistas-2-1024x683.jpg?ssl=1&w=1600&resize=1600&ssl=1 1600w\" alt=\"\" class=\"wp-block-jetpack-slideshow_image wp-image-70111\" data-id=\"70111\" fifu-data-src=\"https:\/\/i0.wp.com\/interaccionnoticias.com.mx\/wp-content\/uploads\/2023\/10\/231024-normalistas-2-1024x683.jpg?ssl=1\"\/><\/figure><\/li><\/ul><a class=\"wp-block-jetpack-slideshow_button-prev swiper-button-prev swiper-button-white\" role=\"button\"><\/a><a class=\"wp-block-jetpack-slideshow_button-next swiper-button-next swiper-button-white\" role=\"button\"><\/a><a aria-label=\"Pause Slideshow\" class=\"wp-block-jetpack-slideshow_button-pause\" role=\"button\"><\/a><div class=\"wp-block-jetpack-slideshow_pagination swiper-pagination swiper-pagination-white\"><\/div><\/div><\/div>\n","protected":false},"excerpt":{"rendered":"<p>Rosario Garc\u00eda Orozco Chilpancingo, Gro., 24 de octubre del 2023.- Egresados de distintas normales p\u00fablicas de la entidad, bloquearon la Avenida L\u00e1zaro C\u00e1rdenas de esta ciudad, a la altura del&hellip; <\/p>\n","protected":false},"author":14,"featured_media":70110,"comment_status":"open","ping_status":"open","sticky":false,"template":"","format":"standard","meta":{"fifu_image_url":"","fifu_image_alt":"","footnotes":""},"categories":[6],"tags":[],"class_list":["post-70109","post","type-post","status-publish","format-standard","has-post-thumbnail","hentry","category-educacion"],"_links":{"self":[{"href":"https:\/\/www.interaccionnoticias.com.mx\/index.php?rest_route=\/wp\/v2\/posts\/70109","targetHints":{"allow":["GET"]}}],"collection":[{"href":"https:\/\/www.interaccionnoticias.com.mx\/index.php?rest_route=\/wp\/v2\/posts"}],"about":[{"href":"https:\/\/www.interaccionnoticias.com.mx\/index.php?rest_route=\/wp\/v2\/types\/post"}],"author":[{"embeddable":true,"href":"https:\/\/www.interaccionnoticias.com.mx\/index.php?rest_route=\/wp\/v2\/users\/14"}],"replies":[{"embeddable":true,"href":"https:\/\/www.interaccionnoticias.com.mx\/index.php?rest_route=%2Fwp%2Fv2%2Fcomments&post=70109"}],"version-history":[{"count":1,"href":"https:\/\/www.interaccionnoticias.com.mx\/index.php?rest_route=\/wp\/v2\/posts\/70109\/revisions"}],"predecessor-version":[{"id":70112,"href":"https:\/\/www.interaccionnoticias.com.mx\/index.php?rest_route=\/wp\/v2\/posts\/70109\/revisions\/70112"}],"wp:featuredmedia":[{"embeddable":true,"href":"https:\/\/www.interaccionnoticias.com.mx\/index.php?rest_route=\/wp\/v2\/media\/70110"}],"wp:attachment":[{"href":"https:\/\/www.interaccionnoticias.com.mx\/index.php?rest_route=%2Fwp%2Fv2%2Fmedia&parent=70109"}],"wp:term":[{"taxonomy":"category","embeddable":true,"href":"https:\/\/www.interaccionnoticias.com.mx\/index.php?rest_route=%2Fwp%2Fv2%2Fcategories&post=70109"},{"taxonomy":"post_tag","embeddable":true,"href":"https:\/\/www.interaccionnoticias.com.mx\/index.php?rest_route=%2Fwp%2Fv2%2Ftags&post=70109"}],"curies":[{"name":"wp","href":"https:\/\/api.w.org\/{rel}","templated":true}]}}